{"id":3364,"date":"2024-04-02T16:09:15","date_gmt":"2024-04-02T14:09:15","guid":{"rendered":"https:\/\/balikesirliler.com\/?p=3364"},"modified":"2024-06-18T14:21:01","modified_gmt":"2024-06-18T12:21:01","slug":"1-mayis-2024-ile-ailefestivali","status":"publish","type":"post","link":"https:\/\/balikesirliler.com\/tr\/bal-der\/aktueel-duyuru-ve-bildiriler\/1-mayis-2024-ile-ailefestivali\/","title":{"rendered":"1 May\u0131s 2024 ile AileFestivali"},"content":{"rendered":"<p><span class=\"x193iq5w xeuugli x13faqbe x1vvkbs x1xmvt09 x1lliihq x1s928wv xhkezso x1gmr53x x1cpjm7i x1fgarty x1943h6x xudqn12 x3x7a5m x6prxxf xvq8zen xo1l8bm xzsf02u\" dir=\"auto\">K\u0131ymetli dostlar\u0131m\u0131z,<\/span><\/p>\n<p><span class=\"x193iq5w xeuugli x13faqbe x1vvkbs x1xmvt09 x1lliihq x1s928wv xhkezso x1gmr53x x1cpjm7i x1fgarty x1943h6x xudqn12 x3x7a5m x6prxxf xvq8zen xo1l8bm xzsf02u\" dir=\"auto\">1 May\u0131s \u0130\u015f\u00e7i Bayram\u0131 ile birlikte Moers-Meerbeck\u2019te d\u00fczenlenecek olan AileFestivalinde kuraca\u011f\u0131m\u0131z BALDER stant\u0131m\u0131za sizleride bekliyoruz\u2026<\/span><\/p>\n<p><span class=\"x193iq5w xeuugli x13faqbe x1vvkbs x1xmvt09 x1lliihq x1s928wv xhkezso x1gmr53x x1cpjm7i x1fgarty x1943h6x xudqn12 x3x7a5m x6prxxf xvq8zen xo1l8bm xzsf02u\" dir=\"auto\">Ayr\u0131ca Karesi Zeybek Ekibimiz, y\u00f6remize ait oyunlar ile program dahilinde sahne alaca<\/span><span class=\"x193iq5w xeuugli x13faqbe x1vvkbs x1xmvt09 x1lliihq x1s928wv xhkezso x1gmr53x x1cpjm7i x1fgarty x1943h6x xudqn12 x3x7a5m x6prxxf xvq8zen xo1l8bm xzsf02u\" dir=\"auto\">kt\u0131r.<\/span><\/p>\n<p><span class=\"x193iq5w xeuugli x13faqbe x1vvkbs x1xmvt09 x1lliihq x1s928wv xhkezso x1gmr53x x1cpjm7i x1fgarty x1943h6x xudqn12 x3x7a5m x6prxxf xvq8zen xo1l8bm xzsf02u\" dir=\"auto\"><a href=\"https:\/\/balikesirliler.com\/tr\/mai-2024-3-2\/\"><img fetchpriority=\"high\" decoding=\"async\" class=\"alignnone wp-image-3360 size-medium\" src=\"https:\/\/balikesirliler.com\/wp-content\/uploads\/Mai-2024.3-291x300.jpg\" alt=\"\" width=\"291\" height=\"300\" srcset=\"https:\/\/balikesirliler.com\/wp-content\/uploads\/Mai-2024.3-291x300.jpg 291w, https:\/\/balikesirliler.com\/wp-content\/uploads\/Mai-2024.3.jpg 595w\" sizes=\"(max-width: 291px) 100vw, 291px\" \/><\/a> <a href=\"https:\/\/balikesirliler.com\/tr\/mai-2024-2-2\/\"><img decoding=\"async\" class=\"alignnone wp-image-3358 size-medium\" src=\"https:\/\/balikesirliler.com\/wp-content\/uploads\/Mai-2024.2-214x300.jpg\" alt=\"\" width=\"214\" height=\"300\" srcset=\"https:\/\/balikesirliler.com\/wp-content\/uploads\/Mai-2024.2-214x300.jpg 214w, https:\/\/balikesirliler.com\/wp-content\/uploads\/Mai-2024.2-731x1024.jpg 731w, https:\/\/balikesirliler.com\/wp-content\/uploads\/Mai-2024.2.jpg 749w\" sizes=\"(max-width: 214px) 100vw, 214px\" \/><\/a> <a href=\"https:\/\/balikesirliler.com\/tr\/mai-2024-1-2\/\"><img decoding=\"async\" class=\"alignnone wp-image-3356 size-medium\" src=\"https:\/\/balikesirliler.com\/wp-content\/uploads\/Mai-2024.1-300x169.jpg\" alt=\"\" width=\"300\" height=\"169\" srcset=\"https:\/\/balikesirliler.com\/wp-content\/uploads\/Mai-2024.1-300x169.jpg 300w, https:\/\/balikesirliler.com\/wp-content\/uploads\/Mai-2024.1-1024x576.jpg 1024w, https:\/\/balikesirliler.com\/wp-content\/uploads\/Mai-2024.1-768x432.jpg 768w, https:\/\/balikesirliler.com\/wp-content\/uploads\/Mai-2024.1.jpg 1200w\" sizes=\"(max-width: 300px) 100vw, 300px\" \/><\/a><\/span><\/p>\n","protected":false},"excerpt":{"rendered":"<p>K\u0131ymetli dostlar\u0131m\u0131z, 1 May\u0131s \u0130\u015f\u00e7i Bayram\u0131 ile birlikte Moers-Meerbeck\u2019te d\u00fczenlenecek olan AileFestivalinde kuraca\u011f\u0131m\u0131z BALDER stant\u0131m\u0131za sizleride bekliyoruz\u2026 Ayr\u0131ca Karesi Zeybek Ekibimiz, y\u00f6remize ait oyunlar ile program dahilinde sahne alacakt\u0131r.<\/p>\n","protected":false},"author":2,"featured_media":3356,"comment_status":"open","ping_status":"open","sticky":false,"template":"","format":"standard","meta":{"_acf_changed":false,"_jetpack_memberships_contains_paid_content":false,"footnotes":""},"categories":[43],"tags":[],"class_list":["post-3364","post","type-post","status-publish","format-standard","has-post-thumbnail","hentry","category-aktueel-duyuru-ve-bildiriler"],"acf":[],"yoast_head":"<!-- This site is optimized with the Yoast SEO plugin v27.5 - https:\/\/yoast.com\/product\/yoast-seo-wordpress\/ -->\n<title>1 May\u0131s 2024 ile AileFestivali - Bal-Der e.V<\/title>\n<meta name=\"robots\" content=\"index, follow, max-snippet:-1, max-image-preview:large, max-video-preview:-1\" \/>\n<link rel=\"canonical\" href=\"https:\/\/balikesirliler.com\/tr\/bal-der\/aktueel-duyuru-ve-bildiriler\/1-mayis-2024-ile-ailefestivali\/\" \/>\n<meta property=\"og:locale\" content=\"tr_TR\" \/>\n<meta property=\"og:type\" content=\"article\" \/>\n<meta property=\"og:title\" content=\"1 May\u0131s 2024 ile AileFestivali - Bal-Der e.V\" \/>\n<meta property=\"og:description\" content=\"K\u0131ymetli dostlar\u0131m\u0131z, 1 May\u0131s \u0130\u015f\u00e7i Bayram\u0131 ile birlikte Moers-Meerbeck\u2019te d\u00fczenlenecek olan AileFestivalinde kuraca\u011f\u0131m\u0131z BALDER stant\u0131m\u0131za sizleride bekliyoruz\u2026 Ayr\u0131ca Karesi Zeybek Ekibimiz, y\u00f6remize ait oyunlar ile program dahilinde sahne alacakt\u0131r.\" \/>\n<meta property=\"og:url\" content=\"https:\/\/balikesirliler.com\/tr\/bal-der\/aktueel-duyuru-ve-bildiriler\/1-mayis-2024-ile-ailefestivali\/\" \/>\n<meta property=\"og:site_name\" content=\"Bal-Der e.V\" \/>\n<meta property=\"article:published_time\" content=\"2024-04-02T14:09:15+00:00\" \/>\n<meta property=\"article:modified_time\" content=\"2024-06-18T12:21:01+00:00\" \/>\n<meta property=\"og:image\" content=\"https:\/\/balikesirliler.com\/wp-content\/uploads\/Mai-2024.1.jpg\" \/>\n\t<meta property=\"og:image:width\" content=\"1200\" \/>\n\t<meta property=\"og:image:height\" content=\"675\" \/>\n\t<meta property=\"og:image:type\" content=\"image\/jpeg\" \/>\n<meta name=\"author\" content=\"Kemal Kanikurumaz\" \/>\n<meta name=\"twitter:card\" content=\"summary_large_image\" \/>\n<meta name=\"twitter:label1\" content=\"Yazan:\" \/>\n\t<meta name=\"twitter:data1\" content=\"Kemal Kanikurumaz\" \/>\n\t<meta name=\"twitter:label2\" content=\"Tahmini okuma s\u00fcresi\" \/>\n\t<meta name=\"twitter:data2\" content=\"1 dakika\" \/>\n<script type=\"application\/ld+json\" class=\"yoast-schema-graph\">{\"@context\":\"https:\\\/\\\/schema.org\",\"@graph\":[{\"@type\":\"Article\",\"@id\":\"https:\\\/\\\/balikesirliler.com\\\/tr\\\/bal-der\\\/aktueel-duyuru-ve-bildiriler\\\/1-mayis-2024-ile-ailefestivali\\\/#article\",\"isPartOf\":{\"@id\":\"https:\\\/\\\/balikesirliler.com\\\/tr\\\/bal-der\\\/aktueel-duyuru-ve-bildiriler\\\/1-mayis-2024-ile-ailefestivali\\\/\"},\"author\":{\"name\":\"Kemal Kanikurumaz\",\"@id\":\"https:\\\/\\\/balikesirliler.com\\\/tr\\\/#\\\/schema\\\/person\\\/25841bfbb7ac2d203b2e09a484a913f3\"},\"headline\":\"1 May\u0131s 2024 ile AileFestivali\",\"datePublished\":\"2024-04-02T14:09:15+00:00\",\"dateModified\":\"2024-06-18T12:21:01+00:00\",\"mainEntityOfPage\":{\"@id\":\"https:\\\/\\\/balikesirliler.com\\\/tr\\\/bal-der\\\/aktueel-duyuru-ve-bildiriler\\\/1-mayis-2024-ile-ailefestivali\\\/\"},\"wordCount\":46,\"commentCount\":0,\"publisher\":{\"@id\":\"https:\\\/\\\/balikesirliler.com\\\/tr\\\/#organization\"},\"image\":{\"@id\":\"https:\\\/\\\/balikesirliler.com\\\/tr\\\/bal-der\\\/aktueel-duyuru-ve-bildiriler\\\/1-mayis-2024-ile-ailefestivali\\\/#primaryimage\"},\"thumbnailUrl\":\"https:\\\/\\\/balikesirliler.com\\\/wp-content\\\/uploads\\\/Mai-2024.1.jpg\",\"articleSection\":[\"Akt\u00fcel Duyuru ve Bildiriler\"],\"inLanguage\":\"tr\",\"potentialAction\":[{\"@type\":\"CommentAction\",\"name\":\"Comment\",\"target\":[\"https:\\\/\\\/balikesirliler.com\\\/tr\\\/bal-der\\\/aktueel-duyuru-ve-bildiriler\\\/1-mayis-2024-ile-ailefestivali\\\/#respond\"]}]},{\"@type\":\"WebPage\",\"@id\":\"https:\\\/\\\/balikesirliler.com\\\/tr\\\/bal-der\\\/aktueel-duyuru-ve-bildiriler\\\/1-mayis-2024-ile-ailefestivali\\\/\",\"url\":\"https:\\\/\\\/balikesirliler.com\\\/tr\\\/bal-der\\\/aktueel-duyuru-ve-bildiriler\\\/1-mayis-2024-ile-ailefestivali\\\/\",\"name\":\"1 May\u0131s 2024 ile AileFestivali - Bal-Der e.V\",\"isPartOf\":{\"@id\":\"https:\\\/\\\/balikesirliler.com\\\/tr\\\/#website\"},\"primaryImageOfPage\":{\"@id\":\"https:\\\/\\\/balikesirliler.com\\\/tr\\\/bal-der\\\/aktueel-duyuru-ve-bildiriler\\\/1-mayis-2024-ile-ailefestivali\\\/#primaryimage\"},\"image\":{\"@id\":\"https:\\\/\\\/balikesirliler.com\\\/tr\\\/bal-der\\\/aktueel-duyuru-ve-bildiriler\\\/1-mayis-2024-ile-ailefestivali\\\/#primaryimage\"},\"thumbnailUrl\":\"https:\\\/\\\/balikesirliler.com\\\/wp-content\\\/uploads\\\/Mai-2024.1.jpg\",\"datePublished\":\"2024-04-02T14:09:15+00:00\",\"dateModified\":\"2024-06-18T12:21:01+00:00\",\"breadcrumb\":{\"@id\":\"https:\\\/\\\/balikesirliler.com\\\/tr\\\/bal-der\\\/aktueel-duyuru-ve-bildiriler\\\/1-mayis-2024-ile-ailefestivali\\\/#breadcrumb\"},\"inLanguage\":\"tr\",\"potentialAction\":[{\"@type\":\"ReadAction\",\"target\":[\"https:\\\/\\\/balikesirliler.com\\\/tr\\\/bal-der\\\/aktueel-duyuru-ve-bildiriler\\\/1-mayis-2024-ile-ailefestivali\\\/\"]}]},{\"@type\":\"ImageObject\",\"inLanguage\":\"tr\",\"@id\":\"https:\\\/\\\/balikesirliler.com\\\/tr\\\/bal-der\\\/aktueel-duyuru-ve-bildiriler\\\/1-mayis-2024-ile-ailefestivali\\\/#primaryimage\",\"url\":\"https:\\\/\\\/balikesirliler.com\\\/wp-content\\\/uploads\\\/Mai-2024.1.jpg\",\"contentUrl\":\"https:\\\/\\\/balikesirliler.com\\\/wp-content\\\/uploads\\\/Mai-2024.1.jpg\",\"width\":1200,\"height\":675},{\"@type\":\"BreadcrumbList\",\"@id\":\"https:\\\/\\\/balikesirliler.com\\\/tr\\\/bal-der\\\/aktueel-duyuru-ve-bildiriler\\\/1-mayis-2024-ile-ailefestivali\\\/#breadcrumb\",\"itemListElement\":[{\"@type\":\"ListItem\",\"position\":1,\"name\":\"BAL-DER\",\"item\":\"https:\\\/\\\/balikesirliler.com\\\/tr\\\/\"},{\"@type\":\"ListItem\",\"position\":2,\"name\":\"BAL-DER\",\"item\":\"https:\\\/\\\/balikesirliler.com\\\/tr\\\/bal-der\\\/\"},{\"@type\":\"ListItem\",\"position\":3,\"name\":\"Akt\u00fcel Duyuru ve Bildiriler\",\"item\":\"https:\\\/\\\/balikesirliler.com\\\/tr\\\/bal-der\\\/aktueel-duyuru-ve-bildiriler\\\/\"},{\"@type\":\"ListItem\",\"position\":4,\"name\":\"1 May\u0131s 2024 ile AileFestivali\"}]},{\"@type\":\"WebSite\",\"@id\":\"https:\\\/\\\/balikesirliler.com\\\/tr\\\/#website\",\"url\":\"https:\\\/\\\/balikesirliler.com\\\/tr\\\/\",\"name\":\"Bal-Der e.V\",\"description\":\"Kultur- und Unterst\u00fctzungsverein\",\"publisher\":{\"@id\":\"https:\\\/\\\/balikesirliler.com\\\/tr\\\/#organization\"},\"potentialAction\":[{\"@type\":\"SearchAction\",\"target\":{\"@type\":\"EntryPoint\",\"urlTemplate\":\"https:\\\/\\\/balikesirliler.com\\\/tr\\\/?s={search_term_string}\"},\"query-input\":{\"@type\":\"PropertyValueSpecification\",\"valueRequired\":true,\"valueName\":\"search_term_string\"}}],\"inLanguage\":\"tr\"},{\"@type\":\"Organization\",\"@id\":\"https:\\\/\\\/balikesirliler.com\\\/tr\\\/#organization\",\"name\":\"Bal-Der e.V.\",\"url\":\"https:\\\/\\\/balikesirliler.com\\\/tr\\\/\",\"logo\":{\"@type\":\"ImageObject\",\"inLanguage\":\"tr\",\"@id\":\"https:\\\/\\\/balikesirliler.com\\\/tr\\\/#\\\/schema\\\/logo\\\/image\\\/\",\"url\":\"https:\\\/\\\/balikesirliler.com\\\/wp-content\\\/uploads\\\/2021\\\/09\\\/logo_180x180.png\",\"contentUrl\":\"https:\\\/\\\/balikesirliler.com\\\/wp-content\\\/uploads\\\/2021\\\/09\\\/logo_180x180.png\",\"width\":180,\"height\":180,\"caption\":\"Bal-Der e.V.\"},\"image\":{\"@id\":\"https:\\\/\\\/balikesirliler.com\\\/tr\\\/#\\\/schema\\\/logo\\\/image\\\/\"}},{\"@type\":\"Person\",\"@id\":\"https:\\\/\\\/balikesirliler.com\\\/tr\\\/#\\\/schema\\\/person\\\/25841bfbb7ac2d203b2e09a484a913f3\",\"name\":\"Kemal Kanikurumaz\",\"image\":{\"@type\":\"ImageObject\",\"inLanguage\":\"tr\",\"@id\":\"https:\\\/\\\/secure.gravatar.com\\\/avatar\\\/8d46aa237cc4113e308d79dc87079533db2925f8d920db6fa39750d94feed4ec?s=96&d=mm&r=g\",\"url\":\"https:\\\/\\\/secure.gravatar.com\\\/avatar\\\/8d46aa237cc4113e308d79dc87079533db2925f8d920db6fa39750d94feed4ec?s=96&d=mm&r=g\",\"contentUrl\":\"https:\\\/\\\/secure.gravatar.com\\\/avatar\\\/8d46aa237cc4113e308d79dc87079533db2925f8d920db6fa39750d94feed4ec?s=96&d=mm&r=g\",\"caption\":\"Kemal Kanikurumaz\"}}]}<\/script>\n<!-- \/ Yoast SEO plugin. -->","yoast_head_json":{"title":"1 May\u0131s 2024 ile AileFestivali - Bal-Der e.V","robots":{"index":"index","follow":"follow","max-snippet":"max-snippet:-1","max-image-preview":"max-image-preview:large","max-video-preview":"max-video-preview:-1"},"canonical":"https:\/\/balikesirliler.com\/tr\/bal-der\/aktueel-duyuru-ve-bildiriler\/1-mayis-2024-ile-ailefestivali\/","og_locale":"tr_TR","og_type":"article","og_title":"1 May\u0131s 2024 ile AileFestivali - Bal-Der e.V","og_description":"K\u0131ymetli dostlar\u0131m\u0131z, 1 May\u0131s \u0130\u015f\u00e7i Bayram\u0131 ile birlikte Moers-Meerbeck\u2019te d\u00fczenlenecek olan AileFestivalinde kuraca\u011f\u0131m\u0131z BALDER stant\u0131m\u0131za sizleride bekliyoruz\u2026 Ayr\u0131ca Karesi Zeybek Ekibimiz, y\u00f6remize ait oyunlar ile program dahilinde sahne alacakt\u0131r.","og_url":"https:\/\/balikesirliler.com\/tr\/bal-der\/aktueel-duyuru-ve-bildiriler\/1-mayis-2024-ile-ailefestivali\/","og_site_name":"Bal-Der e.V","article_published_time":"2024-04-02T14:09:15+00:00","article_modified_time":"2024-06-18T12:21:01+00:00","og_image":[{"width":1200,"height":675,"url":"https:\/\/balikesirliler.com\/wp-content\/uploads\/Mai-2024.1.jpg","type":"image\/jpeg"}],"author":"Kemal Kanikurumaz","twitter_card":"summary_large_image","twitter_misc":{"Yazan:":"Kemal Kanikurumaz","Tahmini okuma s\u00fcresi":"1 dakika"},"schema":{"@context":"https:\/\/schema.org","@graph":[{"@type":"Article","@id":"https:\/\/balikesirliler.com\/tr\/bal-der\/aktueel-duyuru-ve-bildiriler\/1-mayis-2024-ile-ailefestivali\/#article","isPartOf":{"@id":"https:\/\/balikesirliler.com\/tr\/bal-der\/aktueel-duyuru-ve-bildiriler\/1-mayis-2024-ile-ailefestivali\/"},"author":{"name":"Kemal Kanikurumaz","@id":"https:\/\/balikesirliler.com\/tr\/#\/schema\/person\/25841bfbb7ac2d203b2e09a484a913f3"},"headline":"1 May\u0131s 2024 ile AileFestivali","datePublished":"2024-04-02T14:09:15+00:00","dateModified":"2024-06-18T12:21:01+00:00","mainEntityOfPage":{"@id":"https:\/\/balikesirliler.com\/tr\/bal-der\/aktueel-duyuru-ve-bildiriler\/1-mayis-2024-ile-ailefestivali\/"},"wordCount":46,"commentCount":0,"publisher":{"@id":"https:\/\/balikesirliler.com\/tr\/#organization"},"image":{"@id":"https:\/\/balikesirliler.com\/tr\/bal-der\/aktueel-duyuru-ve-bildiriler\/1-mayis-2024-ile-ailefestivali\/#primaryimage"},"thumbnailUrl":"https:\/\/balikesirliler.com\/wp-content\/uploads\/Mai-2024.1.jpg","articleSection":["Akt\u00fcel Duyuru ve Bildiriler"],"inLanguage":"tr","potentialAction":[{"@type":"CommentAction","name":"Comment","target":["https:\/\/balikesirliler.com\/tr\/bal-der\/aktueel-duyuru-ve-bildiriler\/1-mayis-2024-ile-ailefestivali\/#respond"]}]},{"@type":"WebPage","@id":"https:\/\/balikesirliler.com\/tr\/bal-der\/aktueel-duyuru-ve-bildiriler\/1-mayis-2024-ile-ailefestivali\/","url":"https:\/\/balikesirliler.com\/tr\/bal-der\/aktueel-duyuru-ve-bildiriler\/1-mayis-2024-ile-ailefestivali\/","name":"1 May\u0131s 2024 ile AileFestivali - Bal-Der e.V","isPartOf":{"@id":"https:\/\/balikesirliler.com\/tr\/#website"},"primaryImageOfPage":{"@id":"https:\/\/balikesirliler.com\/tr\/bal-der\/aktueel-duyuru-ve-bildiriler\/1-mayis-2024-ile-ailefestivali\/#primaryimage"},"image":{"@id":"https:\/\/balikesirliler.com\/tr\/bal-der\/aktueel-duyuru-ve-bildiriler\/1-mayis-2024-ile-ailefestivali\/#primaryimage"},"thumbnailUrl":"https:\/\/balikesirliler.com\/wp-content\/uploads\/Mai-2024.1.jpg","datePublished":"2024-04-02T14:09:15+00:00","dateModified":"2024-06-18T12:21:01+00:00","breadcrumb":{"@id":"https:\/\/balikesirliler.com\/tr\/bal-der\/aktueel-duyuru-ve-bildiriler\/1-mayis-2024-ile-ailefestivali\/#breadcrumb"},"inLanguage":"tr","potentialAction":[{"@type":"ReadAction","target":["https:\/\/balikesirliler.com\/tr\/bal-der\/aktueel-duyuru-ve-bildiriler\/1-mayis-2024-ile-ailefestivali\/"]}]},{"@type":"ImageObject","inLanguage":"tr","@id":"https:\/\/balikesirliler.com\/tr\/bal-der\/aktueel-duyuru-ve-bildiriler\/1-mayis-2024-ile-ailefestivali\/#primaryimage","url":"https:\/\/balikesirliler.com\/wp-content\/uploads\/Mai-2024.1.jpg","contentUrl":"https:\/\/balikesirliler.com\/wp-content\/uploads\/Mai-2024.1.jpg","width":1200,"height":675},{"@type":"BreadcrumbList","@id":"https:\/\/balikesirliler.com\/tr\/bal-der\/aktueel-duyuru-ve-bildiriler\/1-mayis-2024-ile-ailefestivali\/#breadcrumb","itemListElement":[{"@type":"ListItem","position":1,"name":"BAL-DER","item":"https:\/\/balikesirliler.com\/tr\/"},{"@type":"ListItem","position":2,"name":"BAL-DER","item":"https:\/\/balikesirliler.com\/tr\/bal-der\/"},{"@type":"ListItem","position":3,"name":"Akt\u00fcel Duyuru ve Bildiriler","item":"https:\/\/balikesirliler.com\/tr\/bal-der\/aktueel-duyuru-ve-bildiriler\/"},{"@type":"ListItem","position":4,"name":"1 May\u0131s 2024 ile AileFestivali"}]},{"@type":"WebSite","@id":"https:\/\/balikesirliler.com\/tr\/#website","url":"https:\/\/balikesirliler.com\/tr\/","name":"Bal-Der e.V","description":"Kultur- und Unterst\u00fctzungsverein","publisher":{"@id":"https:\/\/balikesirliler.com\/tr\/#organization"},"potentialAction":[{"@type":"SearchAction","target":{"@type":"EntryPoint","urlTemplate":"https:\/\/balikesirliler.com\/tr\/?s={search_term_string}"},"query-input":{"@type":"PropertyValueSpecification","valueRequired":true,"valueName":"search_term_string"}}],"inLanguage":"tr"},{"@type":"Organization","@id":"https:\/\/balikesirliler.com\/tr\/#organization","name":"Bal-Der e.V.","url":"https:\/\/balikesirliler.com\/tr\/","logo":{"@type":"ImageObject","inLanguage":"tr","@id":"https:\/\/balikesirliler.com\/tr\/#\/schema\/logo\/image\/","url":"https:\/\/balikesirliler.com\/wp-content\/uploads\/2021\/09\/logo_180x180.png","contentUrl":"https:\/\/balikesirliler.com\/wp-content\/uploads\/2021\/09\/logo_180x180.png","width":180,"height":180,"caption":"Bal-Der e.V."},"image":{"@id":"https:\/\/balikesirliler.com\/tr\/#\/schema\/logo\/image\/"}},{"@type":"Person","@id":"https:\/\/balikesirliler.com\/tr\/#\/schema\/person\/25841bfbb7ac2d203b2e09a484a913f3","name":"Kemal Kanikurumaz","image":{"@type":"ImageObject","inLanguage":"tr","@id":"https:\/\/secure.gravatar.com\/avatar\/8d46aa237cc4113e308d79dc87079533db2925f8d920db6fa39750d94feed4ec?s=96&d=mm&r=g","url":"https:\/\/secure.gravatar.com\/avatar\/8d46aa237cc4113e308d79dc87079533db2925f8d920db6fa39750d94feed4ec?s=96&d=mm&r=g","contentUrl":"https:\/\/secure.gravatar.com\/avatar\/8d46aa237cc4113e308d79dc87079533db2925f8d920db6fa39750d94feed4ec?s=96&d=mm&r=g","caption":"Kemal Kanikurumaz"}}]}},"jetpack_featured_media_url":"https:\/\/balikesirliler.com\/wp-content\/uploads\/Mai-2024.1.jpg","jetpack_sharing_enabled":true,"_links":{"self":[{"href":"https:\/\/balikesirliler.com\/tr\/wp-json\/wp\/v2\/posts\/3364","targetHints":{"allow":["GET"]}}],"collection":[{"href":"https:\/\/balikesirliler.com\/tr\/wp-json\/wp\/v2\/posts"}],"about":[{"href":"https:\/\/balikesirliler.com\/tr\/wp-json\/wp\/v2\/types\/post"}],"author":[{"embeddable":true,"href":"https:\/\/balikesirliler.com\/tr\/wp-json\/wp\/v2\/users\/2"}],"replies":[{"embeddable":true,"href":"https:\/\/balikesirliler.com\/tr\/wp-json\/wp\/v2\/comments?post=3364"}],"version-history":[{"count":1,"href":"https:\/\/balikesirliler.com\/tr\/wp-json\/wp\/v2\/posts\/3364\/revisions"}],"predecessor-version":[{"id":3365,"href":"https:\/\/balikesirliler.com\/tr\/wp-json\/wp\/v2\/posts\/3364\/revisions\/3365"}],"wp:featuredmedia":[{"embeddable":true,"href":"https:\/\/balikesirliler.com\/tr\/wp-json\/wp\/v2\/media\/3356"}],"wp:attachment":[{"href":"https:\/\/balikesirliler.com\/tr\/wp-json\/wp\/v2\/media?parent=3364"}],"wp:term":[{"taxonomy":"category","embeddable":true,"href":"https:\/\/balikesirliler.com\/tr\/wp-json\/wp\/v2\/categories?post=3364"},{"taxonomy":"post_tag","embeddable":true,"href":"https:\/\/balikesirliler.com\/tr\/wp-json\/wp\/v2\/tags?post=3364"}],"curies":[{"name":"wp","href":"https:\/\/api.w.org\/{rel}","templated":true}]}}