{"id":2993,"date":"2023-04-26T16:11:27","date_gmt":"2023-04-26T14:11:27","guid":{"rendered":"https:\/\/balikesirliler.com\/?p=2993"},"modified":"2024-04-07T15:25:33","modified_gmt":"2024-04-07T13:25:33","slug":"16-balikesirliler-hidirellez-senligi","status":"publish","type":"post","link":"https:\/\/balikesirliler.com\/tr\/bal-der\/aktueel-duyuru-ve-bildiriler\/16-balikesirliler-hidirellez-senligi\/","title":{"rendered":"16. Bal\u0131kesirliler H\u0131d\u0131rellez \u015eenli\u011fi"},"content":{"rendered":"<p>Sayg\u0131de\u011fer Hem\u015fehrimiz ve Dostlar\u0131m\u0131z,<\/p>\n<p>Bal\u0131kesirliler olarak,\u00a0<strong>19-21 May\u0131s 2023\u00a0 <\/strong>tarihlerinde<strong> 16<\/strong>.s\u0131n\u0131 kutlayaca\u011f\u0131m\u0131z H\u0131d\u0131rellez \u015eenli\u011fini\u00a0 \u00a0\u00a0Moers-Meerbeck&#8217;teki\u00a0 Bolzplatz\u2019ta \u00a0(TV-Radyo Kulesinin yak\u0131n\u0131nda)\u00a0 ger\u00e7ekle\u015ftirece\u011fiz.<\/p>\n<p>Kutlamalar\u0131m\u0131z\u0131n ilk g\u00fcn\u00fc (Cuma) Saat 14\u2019de ba\u015flay\u0131p, \u00e7ocuklar\u0131m\u0131za oyun ve e\u011flenceyle, Davul- Klarnet ile orkestram\u0131z e\u015fli\u011finde, canl\u0131 M\u00fczik ile birlikte e\u011flenceli vakit ge\u00e7irmeyi d\u00fc\u015f\u00fcn\u00fcyoruz.<\/p>\n<p>\u0130kinci g\u00fcn\u00fc (Cumartesi) Saat 11\u2019de ba\u015flay\u0131p, Orkestra (Ko\u00e7 Karde\u015fler) e\u015fli\u011finde Bal\u0131kesirli sanat\u00e7\u0131m\u0131z \u00a0\u201cErhan CANSEVEN\u201d konseri, Karesi Zeybek Ekibimizin g\u00f6sterileri ve halk oyunlar\u0131 ile \u00e7ocuk oyunlar\u0131 d\u00fczenlenecektir.<\/p>\n<p>\u00dc\u00e7\u00fcnc\u00fc g\u00fcn\u00fc (Pazar) Saat 11\u2019de ba\u015flay\u0131p, T\u00fcrkiyeden gelen Pehlivanlar ile Ya\u011fl\u0131 G\u00fcre\u015fler d\u00fczenlenecek, kendi folkl\u00f6r ekibimiz taraf\u0131ndan Zeybek oyunlar\u0131 ile Davul- Klarnet ve orkestram\u0131z e\u015fli\u011finde canl\u0131 m\u00fczik yap\u0131lacakt\u0131r.<\/p>\n<p>Bu y\u0131lki kutlamalar\u0131m\u0131zda, yine giri\u015fler \u00fccretsiz olup, masraflar\u0131n kar\u015f\u0131lanabilmesi i\u00e7in, ikram edilecek etli mam\u00fcller ba\u015fta olmak \u00fczere, yiyecek ve i\u00e7ecekler makul\u00a0 \u00fccretler kar\u015f\u0131l\u0131\u011f\u0131nda sizlere sunulacakt\u0131r. <strong><u>Bu nedenle \u00f6zel Mangal, yiyecek ve i\u00e7ecek getirilmemesi \u00f6nemle rica olunur.<\/u><\/strong><\/p>\n<p>D\u00fczenlemi\u015f oldu\u011fumuz bu g\u00fczel e\u011flencemize, uzak ve yak\u0131ndaki hem\u015fehrilerimiz ile dostlar\u0131n\u0131z\u0131 beraberinizde getirip, e\u011flencemize katk\u0131da bulunman\u0131z, bizleri sevindirecektir.<\/p>\n<p>Sizleri \u015fenli\u011fimize bekler sa\u011fl\u0131k ve mutluluklar dileriz.<\/p>\n<p>&nbsp;<\/p>\n","protected":false},"excerpt":{"rendered":"<p>Sayg\u0131de\u011fer Hem\u015fehrimiz ve Dostlar\u0131m\u0131z, Bal\u0131kesirliler olarak,\u00a019-21 May\u0131s 2023\u00a0 tarihlerinde 16.s\u0131n\u0131 kutlayaca\u011f\u0131m\u0131z H\u0131d\u0131rellez \u015eenli\u011fini\u00a0 \u00a0\u00a0Moers-Meerbeck&#8217;teki\u00a0 Bolzplatz\u2019ta \u00a0(TV-Radyo Kulesinin yak\u0131n\u0131nda)\u00a0 ger\u00e7ekle\u015ftirece\u011fiz. Kutlamalar\u0131m\u0131z\u0131n ilk g\u00fcn\u00fc (Cuma) Saat 14\u2019de ba\u015flay\u0131p, \u00e7ocuklar\u0131m\u0131za oyun ve e\u011flenceyle, Davul- Klarnet ile orkestram\u0131z e\u015fli\u011finde, canl\u0131 M\u00fczik ile birlikte e\u011flenceli vakit ge\u00e7irmeyi d\u00fc\u015f\u00fcn\u00fcyoruz. \u0130kinci g\u00fcn\u00fc (Cumartesi) Saat 11\u2019de ba\u015flay\u0131p, Orkestra (Ko\u00e7 Karde\u015fler) e\u015fli\u011finde Bal\u0131kesirli sanat\u00e7\u0131m\u0131z [&hellip;]<\/p>\n","protected":false},"author":2,"featured_media":3138,"comment_status":"open","ping_status":"open","sticky":false,"template":"","format":"standard","meta":{"_acf_changed":false,"_jetpack_memberships_contains_paid_content":false,"footnotes":""},"categories":[43],"tags":[],"class_list":["post-2993","post","type-post","status-publish","format-standard","has-post-thumbnail","hentry","category-aktueel-duyuru-ve-bildiriler"],"acf":[],"yoast_head":"<!-- This site is optimized with the Yoast SEO plugin v27.5 - https:\/\/yoast.com\/product\/yoast-seo-wordpress\/ -->\n<title>16. Bal\u0131kesirliler H\u0131d\u0131rellez \u015eenli\u011fi - Bal-Der e.V<\/title>\n<meta name=\"robots\" content=\"index, follow, max-snippet:-1, max-image-preview:large, max-video-preview:-1\" \/>\n<link rel=\"canonical\" href=\"https:\/\/balikesirliler.com\/tr\/bal-der\/aktueel-duyuru-ve-bildiriler\/16-balikesirliler-hidirellez-senligi\/\" \/>\n<meta property=\"og:locale\" content=\"tr_TR\" \/>\n<meta property=\"og:type\" content=\"article\" \/>\n<meta property=\"og:title\" content=\"16. Bal\u0131kesirliler H\u0131d\u0131rellez \u015eenli\u011fi - Bal-Der e.V\" \/>\n<meta property=\"og:description\" content=\"Sayg\u0131de\u011fer Hem\u015fehrimiz ve Dostlar\u0131m\u0131z, Bal\u0131kesirliler olarak,\u00a019-21 May\u0131s 2023\u00a0 tarihlerinde 16.s\u0131n\u0131 kutlayaca\u011f\u0131m\u0131z H\u0131d\u0131rellez \u015eenli\u011fini\u00a0 \u00a0\u00a0Moers-Meerbeck&#8217;teki\u00a0 Bolzplatz\u2019ta \u00a0(TV-Radyo Kulesinin yak\u0131n\u0131nda)\u00a0 ger\u00e7ekle\u015ftirece\u011fiz. Kutlamalar\u0131m\u0131z\u0131n ilk g\u00fcn\u00fc (Cuma) Saat 14\u2019de ba\u015flay\u0131p, \u00e7ocuklar\u0131m\u0131za oyun ve e\u011flenceyle, Davul- Klarnet ile orkestram\u0131z e\u015fli\u011finde, canl\u0131 M\u00fczik ile birlikte e\u011flenceli vakit ge\u00e7irmeyi d\u00fc\u015f\u00fcn\u00fcyoruz. \u0130kinci g\u00fcn\u00fc (Cumartesi) Saat 11\u2019de ba\u015flay\u0131p, Orkestra (Ko\u00e7 Karde\u015fler) e\u015fli\u011finde Bal\u0131kesirli sanat\u00e7\u0131m\u0131z [&hellip;]\" \/>\n<meta property=\"og:url\" content=\"https:\/\/balikesirliler.com\/tr\/bal-der\/aktueel-duyuru-ve-bildiriler\/16-balikesirliler-hidirellez-senligi\/\" \/>\n<meta property=\"og:site_name\" content=\"Bal-Der e.V\" \/>\n<meta property=\"article:published_time\" content=\"2023-04-26T14:11:27+00:00\" \/>\n<meta property=\"article:modified_time\" content=\"2024-04-07T13:25:33+00:00\" \/>\n<meta property=\"og:image\" content=\"https:\/\/balikesirliler.com\/wp-content\/uploads\/BALDER-e.V.jpeg\" \/>\n\t<meta property=\"og:image:width\" content=\"1141\" \/>\n\t<meta property=\"og:image:height\" content=\"1600\" \/>\n\t<meta property=\"og:image:type\" content=\"image\/jpeg\" \/>\n<meta name=\"author\" content=\"Kemal Kanikurumaz\" \/>\n<meta name=\"twitter:card\" content=\"summary_large_image\" \/>\n<meta name=\"twitter:label1\" content=\"Yazan:\" \/>\n\t<meta name=\"twitter:data1\" content=\"Kemal Kanikurumaz\" \/>\n\t<meta name=\"twitter:label2\" content=\"Tahmini okuma s\u00fcresi\" \/>\n\t<meta name=\"twitter:data2\" content=\"2 dakika\" \/>\n<script type=\"application\/ld+json\" class=\"yoast-schema-graph\">{\"@context\":\"https:\\\/\\\/schema.org\",\"@graph\":[{\"@type\":\"Article\",\"@id\":\"https:\\\/\\\/balikesirliler.com\\\/tr\\\/bal-der\\\/aktueel-duyuru-ve-bildiriler\\\/16-balikesirliler-hidirellez-senligi\\\/#article\",\"isPartOf\":{\"@id\":\"https:\\\/\\\/balikesirliler.com\\\/tr\\\/bal-der\\\/aktueel-duyuru-ve-bildiriler\\\/16-balikesirliler-hidirellez-senligi\\\/\"},\"author\":{\"name\":\"Kemal Kanikurumaz\",\"@id\":\"https:\\\/\\\/balikesirliler.com\\\/tr\\\/#\\\/schema\\\/person\\\/25841bfbb7ac2d203b2e09a484a913f3\"},\"headline\":\"16. Bal\u0131kesirliler H\u0131d\u0131rellez \u015eenli\u011fi\",\"datePublished\":\"2023-04-26T14:11:27+00:00\",\"dateModified\":\"2024-04-07T13:25:33+00:00\",\"mainEntityOfPage\":{\"@id\":\"https:\\\/\\\/balikesirliler.com\\\/tr\\\/bal-der\\\/aktueel-duyuru-ve-bildiriler\\\/16-balikesirliler-hidirellez-senligi\\\/\"},\"wordCount\":258,\"commentCount\":0,\"publisher\":{\"@id\":\"https:\\\/\\\/balikesirliler.com\\\/tr\\\/#organization\"},\"image\":{\"@id\":\"https:\\\/\\\/balikesirliler.com\\\/tr\\\/bal-der\\\/aktueel-duyuru-ve-bildiriler\\\/16-balikesirliler-hidirellez-senligi\\\/#primaryimage\"},\"thumbnailUrl\":\"https:\\\/\\\/balikesirliler.com\\\/wp-content\\\/uploads\\\/BALDER-e.V.jpeg\",\"articleSection\":[\"Akt\u00fcel Duyuru ve Bildiriler\"],\"inLanguage\":\"tr\",\"potentialAction\":[{\"@type\":\"CommentAction\",\"name\":\"Comment\",\"target\":[\"https:\\\/\\\/balikesirliler.com\\\/tr\\\/bal-der\\\/aktueel-duyuru-ve-bildiriler\\\/16-balikesirliler-hidirellez-senligi\\\/#respond\"]}]},{\"@type\":\"WebPage\",\"@id\":\"https:\\\/\\\/balikesirliler.com\\\/tr\\\/bal-der\\\/aktueel-duyuru-ve-bildiriler\\\/16-balikesirliler-hidirellez-senligi\\\/\",\"url\":\"https:\\\/\\\/balikesirliler.com\\\/tr\\\/bal-der\\\/aktueel-duyuru-ve-bildiriler\\\/16-balikesirliler-hidirellez-senligi\\\/\",\"name\":\"16. Bal\u0131kesirliler H\u0131d\u0131rellez \u015eenli\u011fi - Bal-Der e.V\",\"isPartOf\":{\"@id\":\"https:\\\/\\\/balikesirliler.com\\\/tr\\\/#website\"},\"primaryImageOfPage\":{\"@id\":\"https:\\\/\\\/balikesirliler.com\\\/tr\\\/bal-der\\\/aktueel-duyuru-ve-bildiriler\\\/16-balikesirliler-hidirellez-senligi\\\/#primaryimage\"},\"image\":{\"@id\":\"https:\\\/\\\/balikesirliler.com\\\/tr\\\/bal-der\\\/aktueel-duyuru-ve-bildiriler\\\/16-balikesirliler-hidirellez-senligi\\\/#primaryimage\"},\"thumbnailUrl\":\"https:\\\/\\\/balikesirliler.com\\\/wp-content\\\/uploads\\\/BALDER-e.V.jpeg\",\"datePublished\":\"2023-04-26T14:11:27+00:00\",\"dateModified\":\"2024-04-07T13:25:33+00:00\",\"breadcrumb\":{\"@id\":\"https:\\\/\\\/balikesirliler.com\\\/tr\\\/bal-der\\\/aktueel-duyuru-ve-bildiriler\\\/16-balikesirliler-hidirellez-senligi\\\/#breadcrumb\"},\"inLanguage\":\"tr\",\"potentialAction\":[{\"@type\":\"ReadAction\",\"target\":[\"https:\\\/\\\/balikesirliler.com\\\/tr\\\/bal-der\\\/aktueel-duyuru-ve-bildiriler\\\/16-balikesirliler-hidirellez-senligi\\\/\"]}]},{\"@type\":\"ImageObject\",\"inLanguage\":\"tr\",\"@id\":\"https:\\\/\\\/balikesirliler.com\\\/tr\\\/bal-der\\\/aktueel-duyuru-ve-bildiriler\\\/16-balikesirliler-hidirellez-senligi\\\/#primaryimage\",\"url\":\"https:\\\/\\\/balikesirliler.com\\\/wp-content\\\/uploads\\\/BALDER-e.V.jpeg\",\"contentUrl\":\"https:\\\/\\\/balikesirliler.com\\\/wp-content\\\/uploads\\\/BALDER-e.V.jpeg\",\"width\":1141,\"height\":1600},{\"@type\":\"BreadcrumbList\",\"@id\":\"https:\\\/\\\/balikesirliler.com\\\/tr\\\/bal-der\\\/aktueel-duyuru-ve-bildiriler\\\/16-balikesirliler-hidirellez-senligi\\\/#breadcrumb\",\"itemListElement\":[{\"@type\":\"ListItem\",\"position\":1,\"name\":\"BAL-DER\",\"item\":\"https:\\\/\\\/balikesirliler.com\\\/tr\\\/\"},{\"@type\":\"ListItem\",\"position\":2,\"name\":\"BAL-DER\",\"item\":\"https:\\\/\\\/balikesirliler.com\\\/tr\\\/bal-der\\\/\"},{\"@type\":\"ListItem\",\"position\":3,\"name\":\"Akt\u00fcel Duyuru ve Bildiriler\",\"item\":\"https:\\\/\\\/balikesirliler.com\\\/tr\\\/bal-der\\\/aktueel-duyuru-ve-bildiriler\\\/\"},{\"@type\":\"ListItem\",\"position\":4,\"name\":\"16. Bal\u0131kesirliler H\u0131d\u0131rellez \u015eenli\u011fi\"}]},{\"@type\":\"WebSite\",\"@id\":\"https:\\\/\\\/balikesirliler.com\\\/tr\\\/#website\",\"url\":\"https:\\\/\\\/balikesirliler.com\\\/tr\\\/\",\"name\":\"Bal-Der e.V\",\"description\":\"Kultur- und Unterst\u00fctzungsverein\",\"publisher\":{\"@id\":\"https:\\\/\\\/balikesirliler.com\\\/tr\\\/#organization\"},\"potentialAction\":[{\"@type\":\"SearchAction\",\"target\":{\"@type\":\"EntryPoint\",\"urlTemplate\":\"https:\\\/\\\/balikesirliler.com\\\/tr\\\/?s={search_term_string}\"},\"query-input\":{\"@type\":\"PropertyValueSpecification\",\"valueRequired\":true,\"valueName\":\"search_term_string\"}}],\"inLanguage\":\"tr\"},{\"@type\":\"Organization\",\"@id\":\"https:\\\/\\\/balikesirliler.com\\\/tr\\\/#organization\",\"name\":\"Bal-Der e.V.\",\"url\":\"https:\\\/\\\/balikesirliler.com\\\/tr\\\/\",\"logo\":{\"@type\":\"ImageObject\",\"inLanguage\":\"tr\",\"@id\":\"https:\\\/\\\/balikesirliler.com\\\/tr\\\/#\\\/schema\\\/logo\\\/image\\\/\",\"url\":\"https:\\\/\\\/balikesirliler.com\\\/wp-content\\\/uploads\\\/2021\\\/09\\\/logo_180x180.png\",\"contentUrl\":\"https:\\\/\\\/balikesirliler.com\\\/wp-content\\\/uploads\\\/2021\\\/09\\\/logo_180x180.png\",\"width\":180,\"height\":180,\"caption\":\"Bal-Der e.V.\"},\"image\":{\"@id\":\"https:\\\/\\\/balikesirliler.com\\\/tr\\\/#\\\/schema\\\/logo\\\/image\\\/\"}},{\"@type\":\"Person\",\"@id\":\"https:\\\/\\\/balikesirliler.com\\\/tr\\\/#\\\/schema\\\/person\\\/25841bfbb7ac2d203b2e09a484a913f3\",\"name\":\"Kemal Kanikurumaz\",\"image\":{\"@type\":\"ImageObject\",\"inLanguage\":\"tr\",\"@id\":\"https:\\\/\\\/secure.gravatar.com\\\/avatar\\\/8d46aa237cc4113e308d79dc87079533db2925f8d920db6fa39750d94feed4ec?s=96&d=mm&r=g\",\"url\":\"https:\\\/\\\/secure.gravatar.com\\\/avatar\\\/8d46aa237cc4113e308d79dc87079533db2925f8d920db6fa39750d94feed4ec?s=96&d=mm&r=g\",\"contentUrl\":\"https:\\\/\\\/secure.gravatar.com\\\/avatar\\\/8d46aa237cc4113e308d79dc87079533db2925f8d920db6fa39750d94feed4ec?s=96&d=mm&r=g\",\"caption\":\"Kemal Kanikurumaz\"}}]}<\/script>\n<!-- \/ Yoast SEO plugin. -->","yoast_head_json":{"title":"16. Bal\u0131kesirliler H\u0131d\u0131rellez \u015eenli\u011fi - Bal-Der e.V","robots":{"index":"index","follow":"follow","max-snippet":"max-snippet:-1","max-image-preview":"max-image-preview:large","max-video-preview":"max-video-preview:-1"},"canonical":"https:\/\/balikesirliler.com\/tr\/bal-der\/aktueel-duyuru-ve-bildiriler\/16-balikesirliler-hidirellez-senligi\/","og_locale":"tr_TR","og_type":"article","og_title":"16. Bal\u0131kesirliler H\u0131d\u0131rellez \u015eenli\u011fi - Bal-Der e.V","og_description":"Sayg\u0131de\u011fer Hem\u015fehrimiz ve Dostlar\u0131m\u0131z, Bal\u0131kesirliler olarak,\u00a019-21 May\u0131s 2023\u00a0 tarihlerinde 16.s\u0131n\u0131 kutlayaca\u011f\u0131m\u0131z H\u0131d\u0131rellez \u015eenli\u011fini\u00a0 \u00a0\u00a0Moers-Meerbeck&#8217;teki\u00a0 Bolzplatz\u2019ta \u00a0(TV-Radyo Kulesinin yak\u0131n\u0131nda)\u00a0 ger\u00e7ekle\u015ftirece\u011fiz. Kutlamalar\u0131m\u0131z\u0131n ilk g\u00fcn\u00fc (Cuma) Saat 14\u2019de ba\u015flay\u0131p, \u00e7ocuklar\u0131m\u0131za oyun ve e\u011flenceyle, Davul- Klarnet ile orkestram\u0131z e\u015fli\u011finde, canl\u0131 M\u00fczik ile birlikte e\u011flenceli vakit ge\u00e7irmeyi d\u00fc\u015f\u00fcn\u00fcyoruz. \u0130kinci g\u00fcn\u00fc (Cumartesi) Saat 11\u2019de ba\u015flay\u0131p, Orkestra (Ko\u00e7 Karde\u015fler) e\u015fli\u011finde Bal\u0131kesirli sanat\u00e7\u0131m\u0131z [&hellip;]","og_url":"https:\/\/balikesirliler.com\/tr\/bal-der\/aktueel-duyuru-ve-bildiriler\/16-balikesirliler-hidirellez-senligi\/","og_site_name":"Bal-Der e.V","article_published_time":"2023-04-26T14:11:27+00:00","article_modified_time":"2024-04-07T13:25:33+00:00","og_image":[{"width":1141,"height":1600,"url":"https:\/\/balikesirliler.com\/wp-content\/uploads\/BALDER-e.V.jpeg","type":"image\/jpeg"}],"author":"Kemal Kanikurumaz","twitter_card":"summary_large_image","twitter_misc":{"Yazan:":"Kemal Kanikurumaz","Tahmini okuma s\u00fcresi":"2 dakika"},"schema":{"@context":"https:\/\/schema.org","@graph":[{"@type":"Article","@id":"https:\/\/balikesirliler.com\/tr\/bal-der\/aktueel-duyuru-ve-bildiriler\/16-balikesirliler-hidirellez-senligi\/#article","isPartOf":{"@id":"https:\/\/balikesirliler.com\/tr\/bal-der\/aktueel-duyuru-ve-bildiriler\/16-balikesirliler-hidirellez-senligi\/"},"author":{"name":"Kemal Kanikurumaz","@id":"https:\/\/balikesirliler.com\/tr\/#\/schema\/person\/25841bfbb7ac2d203b2e09a484a913f3"},"headline":"16. Bal\u0131kesirliler H\u0131d\u0131rellez \u015eenli\u011fi","datePublished":"2023-04-26T14:11:27+00:00","dateModified":"2024-04-07T13:25:33+00:00","mainEntityOfPage":{"@id":"https:\/\/balikesirliler.com\/tr\/bal-der\/aktueel-duyuru-ve-bildiriler\/16-balikesirliler-hidirellez-senligi\/"},"wordCount":258,"commentCount":0,"publisher":{"@id":"https:\/\/balikesirliler.com\/tr\/#organization"},"image":{"@id":"https:\/\/balikesirliler.com\/tr\/bal-der\/aktueel-duyuru-ve-bildiriler\/16-balikesirliler-hidirellez-senligi\/#primaryimage"},"thumbnailUrl":"https:\/\/balikesirliler.com\/wp-content\/uploads\/BALDER-e.V.jpeg","articleSection":["Akt\u00fcel Duyuru ve Bildiriler"],"inLanguage":"tr","potentialAction":[{"@type":"CommentAction","name":"Comment","target":["https:\/\/balikesirliler.com\/tr\/bal-der\/aktueel-duyuru-ve-bildiriler\/16-balikesirliler-hidirellez-senligi\/#respond"]}]},{"@type":"WebPage","@id":"https:\/\/balikesirliler.com\/tr\/bal-der\/aktueel-duyuru-ve-bildiriler\/16-balikesirliler-hidirellez-senligi\/","url":"https:\/\/balikesirliler.com\/tr\/bal-der\/aktueel-duyuru-ve-bildiriler\/16-balikesirliler-hidirellez-senligi\/","name":"16. Bal\u0131kesirliler H\u0131d\u0131rellez \u015eenli\u011fi - Bal-Der e.V","isPartOf":{"@id":"https:\/\/balikesirliler.com\/tr\/#website"},"primaryImageOfPage":{"@id":"https:\/\/balikesirliler.com\/tr\/bal-der\/aktueel-duyuru-ve-bildiriler\/16-balikesirliler-hidirellez-senligi\/#primaryimage"},"image":{"@id":"https:\/\/balikesirliler.com\/tr\/bal-der\/aktueel-duyuru-ve-bildiriler\/16-balikesirliler-hidirellez-senligi\/#primaryimage"},"thumbnailUrl":"https:\/\/balikesirliler.com\/wp-content\/uploads\/BALDER-e.V.jpeg","datePublished":"2023-04-26T14:11:27+00:00","dateModified":"2024-04-07T13:25:33+00:00","breadcrumb":{"@id":"https:\/\/balikesirliler.com\/tr\/bal-der\/aktueel-duyuru-ve-bildiriler\/16-balikesirliler-hidirellez-senligi\/#breadcrumb"},"inLanguage":"tr","potentialAction":[{"@type":"ReadAction","target":["https:\/\/balikesirliler.com\/tr\/bal-der\/aktueel-duyuru-ve-bildiriler\/16-balikesirliler-hidirellez-senligi\/"]}]},{"@type":"ImageObject","inLanguage":"tr","@id":"https:\/\/balikesirliler.com\/tr\/bal-der\/aktueel-duyuru-ve-bildiriler\/16-balikesirliler-hidirellez-senligi\/#primaryimage","url":"https:\/\/balikesirliler.com\/wp-content\/uploads\/BALDER-e.V.jpeg","contentUrl":"https:\/\/balikesirliler.com\/wp-content\/uploads\/BALDER-e.V.jpeg","width":1141,"height":1600},{"@type":"BreadcrumbList","@id":"https:\/\/balikesirliler.com\/tr\/bal-der\/aktueel-duyuru-ve-bildiriler\/16-balikesirliler-hidirellez-senligi\/#breadcrumb","itemListElement":[{"@type":"ListItem","position":1,"name":"BAL-DER","item":"https:\/\/balikesirliler.com\/tr\/"},{"@type":"ListItem","position":2,"name":"BAL-DER","item":"https:\/\/balikesirliler.com\/tr\/bal-der\/"},{"@type":"ListItem","position":3,"name":"Akt\u00fcel Duyuru ve Bildiriler","item":"https:\/\/balikesirliler.com\/tr\/bal-der\/aktueel-duyuru-ve-bildiriler\/"},{"@type":"ListItem","position":4,"name":"16. Bal\u0131kesirliler H\u0131d\u0131rellez \u015eenli\u011fi"}]},{"@type":"WebSite","@id":"https:\/\/balikesirliler.com\/tr\/#website","url":"https:\/\/balikesirliler.com\/tr\/","name":"Bal-Der e.V","description":"Kultur- und Unterst\u00fctzungsverein","publisher":{"@id":"https:\/\/balikesirliler.com\/tr\/#organization"},"potentialAction":[{"@type":"SearchAction","target":{"@type":"EntryPoint","urlTemplate":"https:\/\/balikesirliler.com\/tr\/?s={search_term_string}"},"query-input":{"@type":"PropertyValueSpecification","valueRequired":true,"valueName":"search_term_string"}}],"inLanguage":"tr"},{"@type":"Organization","@id":"https:\/\/balikesirliler.com\/tr\/#organization","name":"Bal-Der e.V.","url":"https:\/\/balikesirliler.com\/tr\/","logo":{"@type":"ImageObject","inLanguage":"tr","@id":"https:\/\/balikesirliler.com\/tr\/#\/schema\/logo\/image\/","url":"https:\/\/balikesirliler.com\/wp-content\/uploads\/2021\/09\/logo_180x180.png","contentUrl":"https:\/\/balikesirliler.com\/wp-content\/uploads\/2021\/09\/logo_180x180.png","width":180,"height":180,"caption":"Bal-Der e.V."},"image":{"@id":"https:\/\/balikesirliler.com\/tr\/#\/schema\/logo\/image\/"}},{"@type":"Person","@id":"https:\/\/balikesirliler.com\/tr\/#\/schema\/person\/25841bfbb7ac2d203b2e09a484a913f3","name":"Kemal Kanikurumaz","image":{"@type":"ImageObject","inLanguage":"tr","@id":"https:\/\/secure.gravatar.com\/avatar\/8d46aa237cc4113e308d79dc87079533db2925f8d920db6fa39750d94feed4ec?s=96&d=mm&r=g","url":"https:\/\/secure.gravatar.com\/avatar\/8d46aa237cc4113e308d79dc87079533db2925f8d920db6fa39750d94feed4ec?s=96&d=mm&r=g","contentUrl":"https:\/\/secure.gravatar.com\/avatar\/8d46aa237cc4113e308d79dc87079533db2925f8d920db6fa39750d94feed4ec?s=96&d=mm&r=g","caption":"Kemal Kanikurumaz"}}]}},"jetpack_featured_media_url":"https:\/\/balikesirliler.com\/wp-content\/uploads\/BALDER-e.V.jpeg","jetpack_sharing_enabled":true,"_links":{"self":[{"href":"https:\/\/balikesirliler.com\/tr\/wp-json\/wp\/v2\/posts\/2993","targetHints":{"allow":["GET"]}}],"collection":[{"href":"https:\/\/balikesirliler.com\/tr\/wp-json\/wp\/v2\/posts"}],"about":[{"href":"https:\/\/balikesirliler.com\/tr\/wp-json\/wp\/v2\/types\/post"}],"author":[{"embeddable":true,"href":"https:\/\/balikesirliler.com\/tr\/wp-json\/wp\/v2\/users\/2"}],"replies":[{"embeddable":true,"href":"https:\/\/balikesirliler.com\/tr\/wp-json\/wp\/v2\/comments?post=2993"}],"version-history":[{"count":1,"href":"https:\/\/balikesirliler.com\/tr\/wp-json\/wp\/v2\/posts\/2993\/revisions"}],"predecessor-version":[{"id":3000,"href":"https:\/\/balikesirliler.com\/tr\/wp-json\/wp\/v2\/posts\/2993\/revisions\/3000"}],"wp:featuredmedia":[{"embeddable":true,"href":"https:\/\/balikesirliler.com\/tr\/wp-json\/wp\/v2\/media\/3138"}],"wp:attachment":[{"href":"https:\/\/balikesirliler.com\/tr\/wp-json\/wp\/v2\/media?parent=2993"}],"wp:term":[{"taxonomy":"category","embeddable":true,"href":"https:\/\/balikesirliler.com\/tr\/wp-json\/wp\/v2\/categories?post=2993"},{"taxonomy":"post_tag","embeddable":true,"href":"https:\/\/balikesirliler.com\/tr\/wp-json\/wp\/v2\/tags?post=2993"}],"curies":[{"name":"wp","href":"https:\/\/api.w.org\/{rel}","templated":true}]}}