{"id":2975,"date":"2023-04-02T15:58:55","date_gmt":"2023-04-02T13:58:55","guid":{"rendered":"https:\/\/balikesirliler.com\/?p=2975"},"modified":"2023-04-02T16:38:34","modified_gmt":"2023-04-02T14:38:34","slug":"23-nisan-ulusal-egemenlik-ve-cocuk-bayrami","status":"publish","type":"post","link":"https:\/\/balikesirliler.com\/tr\/bal-der\/aktueel-duyuru-ve-bildiriler\/23-nisan-ulusal-egemenlik-ve-cocuk-bayrami\/","title":{"rendered":"23 Nisan Ulusal Egemenlik ve \u00c7ocuk Bayram\u0131"},"content":{"rendered":"<p>23 Nisan 1920, T\u00fcrk milletinin iradesini temsil eden B\u00fcy\u00fck Millet Meclisi\u2019nin a\u00e7\u0131ld\u0131\u011f\u0131 ve T\u00fcrk halk\u0131n\u0131n egemenli\u011fini il\u00e2n etti\u011fi tarihtir. Atat\u00fcrk, 23 Nisan 1924&#8217;te &#8220;23 Nisan&#8221; g\u00fcn\u00fcn\u00fcn bayram olarak kutlanmas\u0131na karar vermi\u015ftir. \u00d6te yandan 23 Nisan ilk defa 1927 y\u0131l\u0131nda \u00c7ocuk Bayram\u0131 olarak da kutlanmaya ba\u015flanm\u0131\u015ft\u0131r. 23 Nisan, d\u00fcnyada \u00e7ocuklar\u0131n sahip oldu\u011fu tek bayramd\u0131r. UNESCO, 1979 y\u0131l\u0131n\u0131 \u201e\u00c7ocuk Y\u0131l\u0131\u201c ilan edince, \u00fclkemiz 23 Nisan bayram\u0131n\u0131 d\u00fcnya \u00e7ocuklar\u0131yla kutlamaya karar verdi. Y\u0131llar ge\u00e7tik\u00e7e b\u00fct\u00fcn d\u00fcnya \u00e7ocuklar\u0131n\u0131n kutlad\u0131\u011f\u0131 uluslararas\u0131 bir bayram haline geldi.<\/p>\n<p><strong>23 Nisan Ulusal Egemenlik ve \u00c7ocuk Bayram\u0131n\u0131z Kutlu Olsun!<\/strong><\/p>\n<p><strong>Tarih: 23.04.2023<\/strong>\u00a0 Pazar \/ Saat <strong>14:00 &#8211; 18:00<\/strong><\/p>\n<p><strong>Adres:<\/strong> Rheinhausen Pazar Yeri (Atroper Strasse, 47226 Duisburg)<\/p>\n","protected":false},"excerpt":{"rendered":"<p>23 Nisan 1920, T\u00fcrk milletinin iradesini temsil eden B\u00fcy\u00fck Millet Meclisi\u2019nin a\u00e7\u0131ld\u0131\u011f\u0131 ve T\u00fcrk halk\u0131n\u0131n egemenli\u011fini il\u00e2n etti\u011fi tarihtir. Atat\u00fcrk, 23 Nisan 1924&#8217;te &#8220;23 Nisan&#8221; g\u00fcn\u00fcn\u00fcn bayram olarak kutlanmas\u0131na karar vermi\u015ftir. \u00d6te yandan 23 Nisan ilk defa 1927 y\u0131l\u0131nda \u00c7ocuk Bayram\u0131 olarak da kutlanmaya ba\u015flanm\u0131\u015ft\u0131r. 23 Nisan, d\u00fcnyada \u00e7ocuklar\u0131n sahip oldu\u011fu tek bayramd\u0131r. UNESCO, 1979 [&hellip;]<\/p>\n","protected":false},"author":2,"featured_media":3145,"comment_status":"open","ping_status":"open","sticky":false,"template":"","format":"standard","meta":{"_acf_changed":false,"_jetpack_memberships_contains_paid_content":false,"footnotes":""},"categories":[43],"tags":[],"class_list":["post-2975","post","type-post","status-publish","format-standard","has-post-thumbnail","hentry","category-aktueel-duyuru-ve-bildiriler"],"acf":[],"yoast_head":"<!-- This site is optimized with the Yoast SEO plugin v27.5 - https:\/\/yoast.com\/product\/yoast-seo-wordpress\/ -->\n<title>23 Nisan Ulusal Egemenlik ve \u00c7ocuk Bayram\u0131 - Bal-Der e.V<\/title>\n<meta name=\"robots\" content=\"index, follow, max-snippet:-1, max-image-preview:large, max-video-preview:-1\" \/>\n<link rel=\"canonical\" href=\"https:\/\/balikesirliler.com\/tr\/bal-der\/aktueel-duyuru-ve-bildiriler\/23-nisan-ulusal-egemenlik-ve-cocuk-bayrami\/\" \/>\n<meta property=\"og:locale\" content=\"tr_TR\" \/>\n<meta property=\"og:type\" content=\"article\" \/>\n<meta property=\"og:title\" content=\"23 Nisan Ulusal Egemenlik ve \u00c7ocuk Bayram\u0131 - Bal-Der e.V\" \/>\n<meta property=\"og:description\" content=\"23 Nisan 1920, T\u00fcrk milletinin iradesini temsil eden B\u00fcy\u00fck Millet Meclisi\u2019nin a\u00e7\u0131ld\u0131\u011f\u0131 ve T\u00fcrk halk\u0131n\u0131n egemenli\u011fini il\u00e2n etti\u011fi tarihtir. Atat\u00fcrk, 23 Nisan 1924&#8217;te &#8220;23 Nisan&#8221; g\u00fcn\u00fcn\u00fcn bayram olarak kutlanmas\u0131na karar vermi\u015ftir. \u00d6te yandan 23 Nisan ilk defa 1927 y\u0131l\u0131nda \u00c7ocuk Bayram\u0131 olarak da kutlanmaya ba\u015flanm\u0131\u015ft\u0131r. 23 Nisan, d\u00fcnyada \u00e7ocuklar\u0131n sahip oldu\u011fu tek bayramd\u0131r. UNESCO, 1979 [&hellip;]\" \/>\n<meta property=\"og:url\" content=\"https:\/\/balikesirliler.com\/tr\/bal-der\/aktueel-duyuru-ve-bildiriler\/23-nisan-ulusal-egemenlik-ve-cocuk-bayrami\/\" \/>\n<meta property=\"og:site_name\" content=\"Bal-Der e.V\" \/>\n<meta property=\"article:published_time\" content=\"2023-04-02T13:58:55+00:00\" \/>\n<meta property=\"article:modified_time\" content=\"2023-04-02T14:38:34+00:00\" \/>\n<meta property=\"og:image\" content=\"https:\/\/balikesirliler.com\/wp-content\/uploads\/Flyer-Kinderfest.jpeg\" \/>\n\t<meta property=\"og:image:width\" content=\"1131\" \/>\n\t<meta property=\"og:image:height\" content=\"1600\" \/>\n\t<meta property=\"og:image:type\" content=\"image\/jpeg\" \/>\n<meta name=\"author\" content=\"Kemal Kanikurumaz\" \/>\n<meta name=\"twitter:card\" content=\"summary_large_image\" \/>\n<meta name=\"twitter:label1\" content=\"Yazan:\" \/>\n\t<meta name=\"twitter:data1\" content=\"Kemal Kanikurumaz\" \/>\n\t<meta name=\"twitter:label2\" content=\"Tahmini okuma s\u00fcresi\" \/>\n\t<meta name=\"twitter:data2\" content=\"1 dakika\" \/>\n<script type=\"application\/ld+json\" class=\"yoast-schema-graph\">{\"@context\":\"https:\\\/\\\/schema.org\",\"@graph\":[{\"@type\":\"Article\",\"@id\":\"https:\\\/\\\/balikesirliler.com\\\/tr\\\/bal-der\\\/aktueel-duyuru-ve-bildiriler\\\/23-nisan-ulusal-egemenlik-ve-cocuk-bayrami\\\/#article\",\"isPartOf\":{\"@id\":\"https:\\\/\\\/balikesirliler.com\\\/tr\\\/bal-der\\\/aktueel-duyuru-ve-bildiriler\\\/23-nisan-ulusal-egemenlik-ve-cocuk-bayrami\\\/\"},\"author\":{\"name\":\"Kemal Kanikurumaz\",\"@id\":\"https:\\\/\\\/balikesirliler.com\\\/tr\\\/#\\\/schema\\\/person\\\/25841bfbb7ac2d203b2e09a484a913f3\"},\"headline\":\"23 Nisan Ulusal Egemenlik ve \u00c7ocuk Bayram\u0131\",\"datePublished\":\"2023-04-02T13:58:55+00:00\",\"dateModified\":\"2023-04-02T14:38:34+00:00\",\"mainEntityOfPage\":{\"@id\":\"https:\\\/\\\/balikesirliler.com\\\/tr\\\/bal-der\\\/aktueel-duyuru-ve-bildiriler\\\/23-nisan-ulusal-egemenlik-ve-cocuk-bayrami\\\/\"},\"wordCount\":138,\"commentCount\":0,\"publisher\":{\"@id\":\"https:\\\/\\\/balikesirliler.com\\\/tr\\\/#organization\"},\"image\":{\"@id\":\"https:\\\/\\\/balikesirliler.com\\\/tr\\\/bal-der\\\/aktueel-duyuru-ve-bildiriler\\\/23-nisan-ulusal-egemenlik-ve-cocuk-bayrami\\\/#primaryimage\"},\"thumbnailUrl\":\"https:\\\/\\\/balikesirliler.com\\\/wp-content\\\/uploads\\\/Flyer-Kinderfest.jpeg\",\"articleSection\":[\"Akt\u00fcel Duyuru ve Bildiriler\"],\"inLanguage\":\"tr\",\"potentialAction\":[{\"@type\":\"CommentAction\",\"name\":\"Comment\",\"target\":[\"https:\\\/\\\/balikesirliler.com\\\/tr\\\/bal-der\\\/aktueel-duyuru-ve-bildiriler\\\/23-nisan-ulusal-egemenlik-ve-cocuk-bayrami\\\/#respond\"]}]},{\"@type\":\"WebPage\",\"@id\":\"https:\\\/\\\/balikesirliler.com\\\/tr\\\/bal-der\\\/aktueel-duyuru-ve-bildiriler\\\/23-nisan-ulusal-egemenlik-ve-cocuk-bayrami\\\/\",\"url\":\"https:\\\/\\\/balikesirliler.com\\\/tr\\\/bal-der\\\/aktueel-duyuru-ve-bildiriler\\\/23-nisan-ulusal-egemenlik-ve-cocuk-bayrami\\\/\",\"name\":\"23 Nisan Ulusal Egemenlik ve \u00c7ocuk Bayram\u0131 - Bal-Der e.V\",\"isPartOf\":{\"@id\":\"https:\\\/\\\/balikesirliler.com\\\/tr\\\/#website\"},\"primaryImageOfPage\":{\"@id\":\"https:\\\/\\\/balikesirliler.com\\\/tr\\\/bal-der\\\/aktueel-duyuru-ve-bildiriler\\\/23-nisan-ulusal-egemenlik-ve-cocuk-bayrami\\\/#primaryimage\"},\"image\":{\"@id\":\"https:\\\/\\\/balikesirliler.com\\\/tr\\\/bal-der\\\/aktueel-duyuru-ve-bildiriler\\\/23-nisan-ulusal-egemenlik-ve-cocuk-bayrami\\\/#primaryimage\"},\"thumbnailUrl\":\"https:\\\/\\\/balikesirliler.com\\\/wp-content\\\/uploads\\\/Flyer-Kinderfest.jpeg\",\"datePublished\":\"2023-04-02T13:58:55+00:00\",\"dateModified\":\"2023-04-02T14:38:34+00:00\",\"breadcrumb\":{\"@id\":\"https:\\\/\\\/balikesirliler.com\\\/tr\\\/bal-der\\\/aktueel-duyuru-ve-bildiriler\\\/23-nisan-ulusal-egemenlik-ve-cocuk-bayrami\\\/#breadcrumb\"},\"inLanguage\":\"tr\",\"potentialAction\":[{\"@type\":\"ReadAction\",\"target\":[\"https:\\\/\\\/balikesirliler.com\\\/tr\\\/bal-der\\\/aktueel-duyuru-ve-bildiriler\\\/23-nisan-ulusal-egemenlik-ve-cocuk-bayrami\\\/\"]}]},{\"@type\":\"ImageObject\",\"inLanguage\":\"tr\",\"@id\":\"https:\\\/\\\/balikesirliler.com\\\/tr\\\/bal-der\\\/aktueel-duyuru-ve-bildiriler\\\/23-nisan-ulusal-egemenlik-ve-cocuk-bayrami\\\/#primaryimage\",\"url\":\"https:\\\/\\\/balikesirliler.com\\\/wp-content\\\/uploads\\\/Flyer-Kinderfest.jpeg\",\"contentUrl\":\"https:\\\/\\\/balikesirliler.com\\\/wp-content\\\/uploads\\\/Flyer-Kinderfest.jpeg\",\"width\":1131,\"height\":1600},{\"@type\":\"BreadcrumbList\",\"@id\":\"https:\\\/\\\/balikesirliler.com\\\/tr\\\/bal-der\\\/aktueel-duyuru-ve-bildiriler\\\/23-nisan-ulusal-egemenlik-ve-cocuk-bayrami\\\/#breadcrumb\",\"itemListElement\":[{\"@type\":\"ListItem\",\"position\":1,\"name\":\"BAL-DER\",\"item\":\"https:\\\/\\\/balikesirliler.com\\\/tr\\\/\"},{\"@type\":\"ListItem\",\"position\":2,\"name\":\"Bal\u0131kesir\",\"item\":\"https:\\\/\\\/balikesirliler.com\\\/tr\\\/genel\\\/\"},{\"@type\":\"ListItem\",\"position\":3,\"name\":\"Aktuelle Mitteilungen und Meldungen\",\"item\":\"https:\\\/\\\/balikesirliler.com\\\/der-verein-balder\\\/aktuelle-mitteilungen-und-meldungen\\\/\"},{\"@type\":\"ListItem\",\"position\":4,\"name\":\"23 Nisan Ulusal Egemenlik ve \u00c7ocuk Bayram\u0131\"}]},{\"@type\":\"WebSite\",\"@id\":\"https:\\\/\\\/balikesirliler.com\\\/tr\\\/#website\",\"url\":\"https:\\\/\\\/balikesirliler.com\\\/tr\\\/\",\"name\":\"Bal-Der e.V\",\"description\":\"Kultur- und Unterst\u00fctzungsverein\",\"publisher\":{\"@id\":\"https:\\\/\\\/balikesirliler.com\\\/tr\\\/#organization\"},\"potentialAction\":[{\"@type\":\"SearchAction\",\"target\":{\"@type\":\"EntryPoint\",\"urlTemplate\":\"https:\\\/\\\/balikesirliler.com\\\/tr\\\/?s={search_term_string}\"},\"query-input\":{\"@type\":\"PropertyValueSpecification\",\"valueRequired\":true,\"valueName\":\"search_term_string\"}}],\"inLanguage\":\"tr\"},{\"@type\":\"Organization\",\"@id\":\"https:\\\/\\\/balikesirliler.com\\\/tr\\\/#organization\",\"name\":\"Bal-Der e.V.\",\"url\":\"https:\\\/\\\/balikesirliler.com\\\/tr\\\/\",\"logo\":{\"@type\":\"ImageObject\",\"inLanguage\":\"tr\",\"@id\":\"https:\\\/\\\/balikesirliler.com\\\/tr\\\/#\\\/schema\\\/logo\\\/image\\\/\",\"url\":\"https:\\\/\\\/balikesirliler.com\\\/wp-content\\\/uploads\\\/2021\\\/09\\\/logo_180x180.png\",\"contentUrl\":\"https:\\\/\\\/balikesirliler.com\\\/wp-content\\\/uploads\\\/2021\\\/09\\\/logo_180x180.png\",\"width\":180,\"height\":180,\"caption\":\"Bal-Der e.V.\"},\"image\":{\"@id\":\"https:\\\/\\\/balikesirliler.com\\\/tr\\\/#\\\/schema\\\/logo\\\/image\\\/\"}},{\"@type\":\"Person\",\"@id\":\"https:\\\/\\\/balikesirliler.com\\\/tr\\\/#\\\/schema\\\/person\\\/25841bfbb7ac2d203b2e09a484a913f3\",\"name\":\"Kemal Kanikurumaz\",\"image\":{\"@type\":\"ImageObject\",\"inLanguage\":\"tr\",\"@id\":\"https:\\\/\\\/secure.gravatar.com\\\/avatar\\\/8d46aa237cc4113e308d79dc87079533db2925f8d920db6fa39750d94feed4ec?s=96&d=mm&r=g\",\"url\":\"https:\\\/\\\/secure.gravatar.com\\\/avatar\\\/8d46aa237cc4113e308d79dc87079533db2925f8d920db6fa39750d94feed4ec?s=96&d=mm&r=g\",\"contentUrl\":\"https:\\\/\\\/secure.gravatar.com\\\/avatar\\\/8d46aa237cc4113e308d79dc87079533db2925f8d920db6fa39750d94feed4ec?s=96&d=mm&r=g\",\"caption\":\"Kemal Kanikurumaz\"}}]}<\/script>\n<!-- \/ Yoast SEO plugin. -->","yoast_head_json":{"title":"23 Nisan Ulusal Egemenlik ve \u00c7ocuk Bayram\u0131 - Bal-Der e.V","robots":{"index":"index","follow":"follow","max-snippet":"max-snippet:-1","max-image-preview":"max-image-preview:large","max-video-preview":"max-video-preview:-1"},"canonical":"https:\/\/balikesirliler.com\/tr\/bal-der\/aktueel-duyuru-ve-bildiriler\/23-nisan-ulusal-egemenlik-ve-cocuk-bayrami\/","og_locale":"tr_TR","og_type":"article","og_title":"23 Nisan Ulusal Egemenlik ve \u00c7ocuk Bayram\u0131 - Bal-Der e.V","og_description":"23 Nisan 1920, T\u00fcrk milletinin iradesini temsil eden B\u00fcy\u00fck Millet Meclisi\u2019nin a\u00e7\u0131ld\u0131\u011f\u0131 ve T\u00fcrk halk\u0131n\u0131n egemenli\u011fini il\u00e2n etti\u011fi tarihtir. Atat\u00fcrk, 23 Nisan 1924&#8217;te &#8220;23 Nisan&#8221; g\u00fcn\u00fcn\u00fcn bayram olarak kutlanmas\u0131na karar vermi\u015ftir. \u00d6te yandan 23 Nisan ilk defa 1927 y\u0131l\u0131nda \u00c7ocuk Bayram\u0131 olarak da kutlanmaya ba\u015flanm\u0131\u015ft\u0131r. 23 Nisan, d\u00fcnyada \u00e7ocuklar\u0131n sahip oldu\u011fu tek bayramd\u0131r. UNESCO, 1979 [&hellip;]","og_url":"https:\/\/balikesirliler.com\/tr\/bal-der\/aktueel-duyuru-ve-bildiriler\/23-nisan-ulusal-egemenlik-ve-cocuk-bayrami\/","og_site_name":"Bal-Der e.V","article_published_time":"2023-04-02T13:58:55+00:00","article_modified_time":"2023-04-02T14:38:34+00:00","og_image":[{"width":1131,"height":1600,"url":"https:\/\/balikesirliler.com\/wp-content\/uploads\/Flyer-Kinderfest.jpeg","type":"image\/jpeg"}],"author":"Kemal Kanikurumaz","twitter_card":"summary_large_image","twitter_misc":{"Yazan:":"Kemal Kanikurumaz","Tahmini okuma s\u00fcresi":"1 dakika"},"schema":{"@context":"https:\/\/schema.org","@graph":[{"@type":"Article","@id":"https:\/\/balikesirliler.com\/tr\/bal-der\/aktueel-duyuru-ve-bildiriler\/23-nisan-ulusal-egemenlik-ve-cocuk-bayrami\/#article","isPartOf":{"@id":"https:\/\/balikesirliler.com\/tr\/bal-der\/aktueel-duyuru-ve-bildiriler\/23-nisan-ulusal-egemenlik-ve-cocuk-bayrami\/"},"author":{"name":"Kemal Kanikurumaz","@id":"https:\/\/balikesirliler.com\/tr\/#\/schema\/person\/25841bfbb7ac2d203b2e09a484a913f3"},"headline":"23 Nisan Ulusal Egemenlik ve \u00c7ocuk Bayram\u0131","datePublished":"2023-04-02T13:58:55+00:00","dateModified":"2023-04-02T14:38:34+00:00","mainEntityOfPage":{"@id":"https:\/\/balikesirliler.com\/tr\/bal-der\/aktueel-duyuru-ve-bildiriler\/23-nisan-ulusal-egemenlik-ve-cocuk-bayrami\/"},"wordCount":138,"commentCount":0,"publisher":{"@id":"https:\/\/balikesirliler.com\/tr\/#organization"},"image":{"@id":"https:\/\/balikesirliler.com\/tr\/bal-der\/aktueel-duyuru-ve-bildiriler\/23-nisan-ulusal-egemenlik-ve-cocuk-bayrami\/#primaryimage"},"thumbnailUrl":"https:\/\/balikesirliler.com\/wp-content\/uploads\/Flyer-Kinderfest.jpeg","articleSection":["Akt\u00fcel Duyuru ve Bildiriler"],"inLanguage":"tr","potentialAction":[{"@type":"CommentAction","name":"Comment","target":["https:\/\/balikesirliler.com\/tr\/bal-der\/aktueel-duyuru-ve-bildiriler\/23-nisan-ulusal-egemenlik-ve-cocuk-bayrami\/#respond"]}]},{"@type":"WebPage","@id":"https:\/\/balikesirliler.com\/tr\/bal-der\/aktueel-duyuru-ve-bildiriler\/23-nisan-ulusal-egemenlik-ve-cocuk-bayrami\/","url":"https:\/\/balikesirliler.com\/tr\/bal-der\/aktueel-duyuru-ve-bildiriler\/23-nisan-ulusal-egemenlik-ve-cocuk-bayrami\/","name":"23 Nisan Ulusal Egemenlik ve \u00c7ocuk Bayram\u0131 - Bal-Der e.V","isPartOf":{"@id":"https:\/\/balikesirliler.com\/tr\/#website"},"primaryImageOfPage":{"@id":"https:\/\/balikesirliler.com\/tr\/bal-der\/aktueel-duyuru-ve-bildiriler\/23-nisan-ulusal-egemenlik-ve-cocuk-bayrami\/#primaryimage"},"image":{"@id":"https:\/\/balikesirliler.com\/tr\/bal-der\/aktueel-duyuru-ve-bildiriler\/23-nisan-ulusal-egemenlik-ve-cocuk-bayrami\/#primaryimage"},"thumbnailUrl":"https:\/\/balikesirliler.com\/wp-content\/uploads\/Flyer-Kinderfest.jpeg","datePublished":"2023-04-02T13:58:55+00:00","dateModified":"2023-04-02T14:38:34+00:00","breadcrumb":{"@id":"https:\/\/balikesirliler.com\/tr\/bal-der\/aktueel-duyuru-ve-bildiriler\/23-nisan-ulusal-egemenlik-ve-cocuk-bayrami\/#breadcrumb"},"inLanguage":"tr","potentialAction":[{"@type":"ReadAction","target":["https:\/\/balikesirliler.com\/tr\/bal-der\/aktueel-duyuru-ve-bildiriler\/23-nisan-ulusal-egemenlik-ve-cocuk-bayrami\/"]}]},{"@type":"ImageObject","inLanguage":"tr","@id":"https:\/\/balikesirliler.com\/tr\/bal-der\/aktueel-duyuru-ve-bildiriler\/23-nisan-ulusal-egemenlik-ve-cocuk-bayrami\/#primaryimage","url":"https:\/\/balikesirliler.com\/wp-content\/uploads\/Flyer-Kinderfest.jpeg","contentUrl":"https:\/\/balikesirliler.com\/wp-content\/uploads\/Flyer-Kinderfest.jpeg","width":1131,"height":1600},{"@type":"BreadcrumbList","@id":"https:\/\/balikesirliler.com\/tr\/bal-der\/aktueel-duyuru-ve-bildiriler\/23-nisan-ulusal-egemenlik-ve-cocuk-bayrami\/#breadcrumb","itemListElement":[{"@type":"ListItem","position":1,"name":"BAL-DER","item":"https:\/\/balikesirliler.com\/tr\/"},{"@type":"ListItem","position":2,"name":"Bal\u0131kesir","item":"https:\/\/balikesirliler.com\/tr\/genel\/"},{"@type":"ListItem","position":3,"name":"Aktuelle Mitteilungen und Meldungen","item":"https:\/\/balikesirliler.com\/der-verein-balder\/aktuelle-mitteilungen-und-meldungen\/"},{"@type":"ListItem","position":4,"name":"23 Nisan Ulusal Egemenlik ve \u00c7ocuk Bayram\u0131"}]},{"@type":"WebSite","@id":"https:\/\/balikesirliler.com\/tr\/#website","url":"https:\/\/balikesirliler.com\/tr\/","name":"Bal-Der e.V","description":"Kultur- und Unterst\u00fctzungsverein","publisher":{"@id":"https:\/\/balikesirliler.com\/tr\/#organization"},"potentialAction":[{"@type":"SearchAction","target":{"@type":"EntryPoint","urlTemplate":"https:\/\/balikesirliler.com\/tr\/?s={search_term_string}"},"query-input":{"@type":"PropertyValueSpecification","valueRequired":true,"valueName":"search_term_string"}}],"inLanguage":"tr"},{"@type":"Organization","@id":"https:\/\/balikesirliler.com\/tr\/#organization","name":"Bal-Der e.V.","url":"https:\/\/balikesirliler.com\/tr\/","logo":{"@type":"ImageObject","inLanguage":"tr","@id":"https:\/\/balikesirliler.com\/tr\/#\/schema\/logo\/image\/","url":"https:\/\/balikesirliler.com\/wp-content\/uploads\/2021\/09\/logo_180x180.png","contentUrl":"https:\/\/balikesirliler.com\/wp-content\/uploads\/2021\/09\/logo_180x180.png","width":180,"height":180,"caption":"Bal-Der e.V."},"image":{"@id":"https:\/\/balikesirliler.com\/tr\/#\/schema\/logo\/image\/"}},{"@type":"Person","@id":"https:\/\/balikesirliler.com\/tr\/#\/schema\/person\/25841bfbb7ac2d203b2e09a484a913f3","name":"Kemal Kanikurumaz","image":{"@type":"ImageObject","inLanguage":"tr","@id":"https:\/\/secure.gravatar.com\/avatar\/8d46aa237cc4113e308d79dc87079533db2925f8d920db6fa39750d94feed4ec?s=96&d=mm&r=g","url":"https:\/\/secure.gravatar.com\/avatar\/8d46aa237cc4113e308d79dc87079533db2925f8d920db6fa39750d94feed4ec?s=96&d=mm&r=g","contentUrl":"https:\/\/secure.gravatar.com\/avatar\/8d46aa237cc4113e308d79dc87079533db2925f8d920db6fa39750d94feed4ec?s=96&d=mm&r=g","caption":"Kemal Kanikurumaz"}}]}},"jetpack_featured_media_url":"https:\/\/balikesirliler.com\/wp-content\/uploads\/Flyer-Kinderfest.jpeg","jetpack_sharing_enabled":true,"_links":{"self":[{"href":"https:\/\/balikesirliler.com\/tr\/wp-json\/wp\/v2\/posts\/2975","targetHints":{"allow":["GET"]}}],"collection":[{"href":"https:\/\/balikesirliler.com\/tr\/wp-json\/wp\/v2\/posts"}],"about":[{"href":"https:\/\/balikesirliler.com\/tr\/wp-json\/wp\/v2\/types\/post"}],"author":[{"embeddable":true,"href":"https:\/\/balikesirliler.com\/tr\/wp-json\/wp\/v2\/users\/2"}],"replies":[{"embeddable":true,"href":"https:\/\/balikesirliler.com\/tr\/wp-json\/wp\/v2\/comments?post=2975"}],"version-history":[{"count":4,"href":"https:\/\/balikesirliler.com\/tr\/wp-json\/wp\/v2\/posts\/2975\/revisions"}],"predecessor-version":[{"id":2979,"href":"https:\/\/balikesirliler.com\/tr\/wp-json\/wp\/v2\/posts\/2975\/revisions\/2979"}],"wp:featuredmedia":[{"embeddable":true,"href":"https:\/\/balikesirliler.com\/tr\/wp-json\/wp\/v2\/media\/3145"}],"wp:attachment":[{"href":"https:\/\/balikesirliler.com\/tr\/wp-json\/wp\/v2\/media?parent=2975"}],"wp:term":[{"taxonomy":"category","embeddable":true,"href":"https:\/\/balikesirliler.com\/tr\/wp-json\/wp\/v2\/categories?post=2975"},{"taxonomy":"post_tag","embeddable":true,"href":"https:\/\/balikesirliler.com\/tr\/wp-json\/wp\/v2\/tags?post=2975"}],"curies":[{"name":"wp","href":"https:\/\/api.w.org\/{rel}","templated":true}]}}