{"id":2652,"date":"2022-04-03T14:08:38","date_gmt":"2022-04-03T12:08:38","guid":{"rendered":"https:\/\/balikesirliler.com\/?p=2652"},"modified":"2022-04-03T14:13:36","modified_gmt":"2022-04-03T12:13:36","slug":"geleneksel-iftar-yemegi","status":"publish","type":"post","link":"https:\/\/balikesirliler.com\/tr\/bal-der\/aktueel-duyuru-ve-bildiriler\/geleneksel-iftar-yemegi\/","title":{"rendered":"Geleneksel \u0130ftar Yeme\u011fi"},"content":{"rendered":"<p>Ramazan ay\u0131n\u0131n manevi hazz\u0131n\u0131 birlikte ya\u015famak i\u00e7in, geleneksel olarak d\u00fczenledi\u011fimiz iftar yeme\u011finde siz de\u011ferli dostlar\u0131m\u0131z\u0131 ve \u00fcyelerimizi, aileleriniz ile birlikte aram\u0131zda g\u00f6rmekten onur duyar\u0131z.<\/p>\n<p><strong>Not: <\/strong>\u0130ftar yeme\u011fi rezervasyonu i\u00e7in Rafet G\u00fcm\u00fc\u015f\u2019e 0175 \/8659209 veya info@balikesirliler.com adresine 07.04.2022 tarihine kadar bildirmeniz gerekmektedir.<\/p>\n","protected":false},"excerpt":{"rendered":"<p>Ramazan ay\u0131n\u0131n manevi hazz\u0131n\u0131 birlikte ya\u015famak i\u00e7in, geleneksel olarak d\u00fczenledi\u011fimiz iftar yeme\u011finde siz de\u011ferli dostlar\u0131m\u0131z\u0131 ve \u00fcyelerimizi, aileleriniz ile birlikte aram\u0131zda g\u00f6rmekten onur duyar\u0131z. Not: \u0130ftar yeme\u011fi rezervasyonu i\u00e7in Rafet G\u00fcm\u00fc\u015f\u2019e 0175 \/8659209 veya info@balikesirliler.com adresine 07.04.2022 tarihine kadar bildirmeniz gerekmektedir.<\/p>\n","protected":false},"author":2,"featured_media":2653,"comment_status":"open","ping_status":"open","sticky":false,"template":"","format":"standard","meta":{"_acf_changed":false,"_jetpack_memberships_contains_paid_content":false,"footnotes":""},"categories":[43],"tags":[],"class_list":["post-2652","post","type-post","status-publish","format-standard","has-post-thumbnail","hentry","category-aktueel-duyuru-ve-bildiriler"],"acf":[],"yoast_head":"<!-- This site is optimized with the Yoast SEO plugin v27.5 - https:\/\/yoast.com\/product\/yoast-seo-wordpress\/ -->\n<title>Geleneksel \u0130ftar Yeme\u011fi - Bal-Der e.V<\/title>\n<meta name=\"robots\" content=\"index, follow, max-snippet:-1, max-image-preview:large, max-video-preview:-1\" \/>\n<link rel=\"canonical\" href=\"https:\/\/balikesirliler.com\/tr\/bal-der\/aktueel-duyuru-ve-bildiriler\/geleneksel-iftar-yemegi\/\" \/>\n<meta property=\"og:locale\" content=\"tr_TR\" \/>\n<meta property=\"og:type\" content=\"article\" \/>\n<meta property=\"og:title\" content=\"Geleneksel \u0130ftar Yeme\u011fi - Bal-Der e.V\" \/>\n<meta property=\"og:description\" content=\"Ramazan ay\u0131n\u0131n manevi hazz\u0131n\u0131 birlikte ya\u015famak i\u00e7in, geleneksel olarak d\u00fczenledi\u011fimiz iftar yeme\u011finde siz de\u011ferli dostlar\u0131m\u0131z\u0131 ve \u00fcyelerimizi, aileleriniz ile birlikte aram\u0131zda g\u00f6rmekten onur duyar\u0131z. Not: \u0130ftar yeme\u011fi rezervasyonu i\u00e7in Rafet G\u00fcm\u00fc\u015f\u2019e 0175 \/8659209 veya info@balikesirliler.com adresine 07.04.2022 tarihine kadar bildirmeniz gerekmektedir.\" \/>\n<meta property=\"og:url\" content=\"https:\/\/balikesirliler.com\/tr\/bal-der\/aktueel-duyuru-ve-bildiriler\/geleneksel-iftar-yemegi\/\" \/>\n<meta property=\"og:site_name\" content=\"Bal-Der e.V\" \/>\n<meta property=\"article:published_time\" content=\"2022-04-03T12:08:38+00:00\" \/>\n<meta property=\"article:modified_time\" content=\"2022-04-03T12:13:36+00:00\" \/>\n<meta property=\"og:image\" content=\"https:\/\/balikesirliler.com\/wp-content\/uploads\/iftar-2022.jpg\" \/>\n\t<meta property=\"og:image:width\" content=\"960\" \/>\n\t<meta property=\"og:image:height\" content=\"678\" \/>\n\t<meta property=\"og:image:type\" content=\"image\/jpeg\" \/>\n<meta name=\"author\" content=\"Kemal Kanikurumaz\" \/>\n<meta name=\"twitter:card\" content=\"summary_large_image\" \/>\n<meta name=\"twitter:label1\" content=\"Yazan:\" \/>\n\t<meta name=\"twitter:data1\" content=\"Kemal Kanikurumaz\" \/>\n\t<meta name=\"twitter:label2\" content=\"Tahmini okuma s\u00fcresi\" \/>\n\t<meta name=\"twitter:data2\" content=\"1 dakika\" \/>\n<script type=\"application\/ld+json\" class=\"yoast-schema-graph\">{\"@context\":\"https:\\\/\\\/schema.org\",\"@graph\":[{\"@type\":\"Article\",\"@id\":\"https:\\\/\\\/balikesirliler.com\\\/tr\\\/bal-der\\\/aktueel-duyuru-ve-bildiriler\\\/geleneksel-iftar-yemegi\\\/#article\",\"isPartOf\":{\"@id\":\"https:\\\/\\\/balikesirliler.com\\\/tr\\\/bal-der\\\/aktueel-duyuru-ve-bildiriler\\\/geleneksel-iftar-yemegi\\\/\"},\"author\":{\"name\":\"Kemal Kanikurumaz\",\"@id\":\"https:\\\/\\\/balikesirliler.com\\\/tr\\\/#\\\/schema\\\/person\\\/25841bfbb7ac2d203b2e09a484a913f3\"},\"headline\":\"Geleneksel \u0130ftar Yeme\u011fi\",\"datePublished\":\"2022-04-03T12:08:38+00:00\",\"dateModified\":\"2022-04-03T12:13:36+00:00\",\"mainEntityOfPage\":{\"@id\":\"https:\\\/\\\/balikesirliler.com\\\/tr\\\/bal-der\\\/aktueel-duyuru-ve-bildiriler\\\/geleneksel-iftar-yemegi\\\/\"},\"wordCount\":62,\"commentCount\":0,\"publisher\":{\"@id\":\"https:\\\/\\\/balikesirliler.com\\\/tr\\\/#organization\"},\"image\":{\"@id\":\"https:\\\/\\\/balikesirliler.com\\\/tr\\\/bal-der\\\/aktueel-duyuru-ve-bildiriler\\\/geleneksel-iftar-yemegi\\\/#primaryimage\"},\"thumbnailUrl\":\"https:\\\/\\\/balikesirliler.com\\\/wp-content\\\/uploads\\\/iftar-2022.jpg\",\"articleSection\":[\"Akt\u00fcel Duyuru ve Bildiriler\"],\"inLanguage\":\"tr\",\"potentialAction\":[{\"@type\":\"CommentAction\",\"name\":\"Comment\",\"target\":[\"https:\\\/\\\/balikesirliler.com\\\/tr\\\/bal-der\\\/aktueel-duyuru-ve-bildiriler\\\/geleneksel-iftar-yemegi\\\/#respond\"]}]},{\"@type\":\"WebPage\",\"@id\":\"https:\\\/\\\/balikesirliler.com\\\/tr\\\/bal-der\\\/aktueel-duyuru-ve-bildiriler\\\/geleneksel-iftar-yemegi\\\/\",\"url\":\"https:\\\/\\\/balikesirliler.com\\\/tr\\\/bal-der\\\/aktueel-duyuru-ve-bildiriler\\\/geleneksel-iftar-yemegi\\\/\",\"name\":\"Geleneksel \u0130ftar Yeme\u011fi - Bal-Der e.V\",\"isPartOf\":{\"@id\":\"https:\\\/\\\/balikesirliler.com\\\/tr\\\/#website\"},\"primaryImageOfPage\":{\"@id\":\"https:\\\/\\\/balikesirliler.com\\\/tr\\\/bal-der\\\/aktueel-duyuru-ve-bildiriler\\\/geleneksel-iftar-yemegi\\\/#primaryimage\"},\"image\":{\"@id\":\"https:\\\/\\\/balikesirliler.com\\\/tr\\\/bal-der\\\/aktueel-duyuru-ve-bildiriler\\\/geleneksel-iftar-yemegi\\\/#primaryimage\"},\"thumbnailUrl\":\"https:\\\/\\\/balikesirliler.com\\\/wp-content\\\/uploads\\\/iftar-2022.jpg\",\"datePublished\":\"2022-04-03T12:08:38+00:00\",\"dateModified\":\"2022-04-03T12:13:36+00:00\",\"breadcrumb\":{\"@id\":\"https:\\\/\\\/balikesirliler.com\\\/tr\\\/bal-der\\\/aktueel-duyuru-ve-bildiriler\\\/geleneksel-iftar-yemegi\\\/#breadcrumb\"},\"inLanguage\":\"tr\",\"potentialAction\":[{\"@type\":\"ReadAction\",\"target\":[\"https:\\\/\\\/balikesirliler.com\\\/tr\\\/bal-der\\\/aktueel-duyuru-ve-bildiriler\\\/geleneksel-iftar-yemegi\\\/\"]}]},{\"@type\":\"ImageObject\",\"inLanguage\":\"tr\",\"@id\":\"https:\\\/\\\/balikesirliler.com\\\/tr\\\/bal-der\\\/aktueel-duyuru-ve-bildiriler\\\/geleneksel-iftar-yemegi\\\/#primaryimage\",\"url\":\"https:\\\/\\\/balikesirliler.com\\\/wp-content\\\/uploads\\\/iftar-2022.jpg\",\"contentUrl\":\"https:\\\/\\\/balikesirliler.com\\\/wp-content\\\/uploads\\\/iftar-2022.jpg\",\"width\":960,\"height\":678},{\"@type\":\"BreadcrumbList\",\"@id\":\"https:\\\/\\\/balikesirliler.com\\\/tr\\\/bal-der\\\/aktueel-duyuru-ve-bildiriler\\\/geleneksel-iftar-yemegi\\\/#breadcrumb\",\"itemListElement\":[{\"@type\":\"ListItem\",\"position\":1,\"name\":\"BAL-DER\",\"item\":\"https:\\\/\\\/balikesirliler.com\\\/tr\\\/\"},{\"@type\":\"ListItem\",\"position\":2,\"name\":\"BAL-DER\",\"item\":\"https:\\\/\\\/balikesirliler.com\\\/tr\\\/bal-der\\\/\"},{\"@type\":\"ListItem\",\"position\":3,\"name\":\"Akt\u00fcel Duyuru ve Bildiriler\",\"item\":\"https:\\\/\\\/balikesirliler.com\\\/tr\\\/bal-der\\\/aktueel-duyuru-ve-bildiriler\\\/\"},{\"@type\":\"ListItem\",\"position\":4,\"name\":\"Geleneksel \u0130ftar Yeme\u011fi\"}]},{\"@type\":\"WebSite\",\"@id\":\"https:\\\/\\\/balikesirliler.com\\\/tr\\\/#website\",\"url\":\"https:\\\/\\\/balikesirliler.com\\\/tr\\\/\",\"name\":\"Bal-Der e.V\",\"description\":\"Kultur- und Unterst\u00fctzungsverein\",\"publisher\":{\"@id\":\"https:\\\/\\\/balikesirliler.com\\\/tr\\\/#organization\"},\"potentialAction\":[{\"@type\":\"SearchAction\",\"target\":{\"@type\":\"EntryPoint\",\"urlTemplate\":\"https:\\\/\\\/balikesirliler.com\\\/tr\\\/?s={search_term_string}\"},\"query-input\":{\"@type\":\"PropertyValueSpecification\",\"valueRequired\":true,\"valueName\":\"search_term_string\"}}],\"inLanguage\":\"tr\"},{\"@type\":\"Organization\",\"@id\":\"https:\\\/\\\/balikesirliler.com\\\/tr\\\/#organization\",\"name\":\"Bal-Der e.V.\",\"url\":\"https:\\\/\\\/balikesirliler.com\\\/tr\\\/\",\"logo\":{\"@type\":\"ImageObject\",\"inLanguage\":\"tr\",\"@id\":\"https:\\\/\\\/balikesirliler.com\\\/tr\\\/#\\\/schema\\\/logo\\\/image\\\/\",\"url\":\"https:\\\/\\\/balikesirliler.com\\\/wp-content\\\/uploads\\\/2021\\\/09\\\/logo_180x180.png\",\"contentUrl\":\"https:\\\/\\\/balikesirliler.com\\\/wp-content\\\/uploads\\\/2021\\\/09\\\/logo_180x180.png\",\"width\":180,\"height\":180,\"caption\":\"Bal-Der e.V.\"},\"image\":{\"@id\":\"https:\\\/\\\/balikesirliler.com\\\/tr\\\/#\\\/schema\\\/logo\\\/image\\\/\"}},{\"@type\":\"Person\",\"@id\":\"https:\\\/\\\/balikesirliler.com\\\/tr\\\/#\\\/schema\\\/person\\\/25841bfbb7ac2d203b2e09a484a913f3\",\"name\":\"Kemal Kanikurumaz\",\"image\":{\"@type\":\"ImageObject\",\"inLanguage\":\"tr\",\"@id\":\"https:\\\/\\\/secure.gravatar.com\\\/avatar\\\/8d46aa237cc4113e308d79dc87079533db2925f8d920db6fa39750d94feed4ec?s=96&d=mm&r=g\",\"url\":\"https:\\\/\\\/secure.gravatar.com\\\/avatar\\\/8d46aa237cc4113e308d79dc87079533db2925f8d920db6fa39750d94feed4ec?s=96&d=mm&r=g\",\"contentUrl\":\"https:\\\/\\\/secure.gravatar.com\\\/avatar\\\/8d46aa237cc4113e308d79dc87079533db2925f8d920db6fa39750d94feed4ec?s=96&d=mm&r=g\",\"caption\":\"Kemal Kanikurumaz\"}}]}<\/script>\n<!-- \/ Yoast SEO plugin. -->","yoast_head_json":{"title":"Geleneksel \u0130ftar Yeme\u011fi - Bal-Der e.V","robots":{"index":"index","follow":"follow","max-snippet":"max-snippet:-1","max-image-preview":"max-image-preview:large","max-video-preview":"max-video-preview:-1"},"canonical":"https:\/\/balikesirliler.com\/tr\/bal-der\/aktueel-duyuru-ve-bildiriler\/geleneksel-iftar-yemegi\/","og_locale":"tr_TR","og_type":"article","og_title":"Geleneksel \u0130ftar Yeme\u011fi - Bal-Der e.V","og_description":"Ramazan ay\u0131n\u0131n manevi hazz\u0131n\u0131 birlikte ya\u015famak i\u00e7in, geleneksel olarak d\u00fczenledi\u011fimiz iftar yeme\u011finde siz de\u011ferli dostlar\u0131m\u0131z\u0131 ve \u00fcyelerimizi, aileleriniz ile birlikte aram\u0131zda g\u00f6rmekten onur duyar\u0131z. Not: \u0130ftar yeme\u011fi rezervasyonu i\u00e7in Rafet G\u00fcm\u00fc\u015f\u2019e 0175 \/8659209 veya info@balikesirliler.com adresine 07.04.2022 tarihine kadar bildirmeniz gerekmektedir.","og_url":"https:\/\/balikesirliler.com\/tr\/bal-der\/aktueel-duyuru-ve-bildiriler\/geleneksel-iftar-yemegi\/","og_site_name":"Bal-Der e.V","article_published_time":"2022-04-03T12:08:38+00:00","article_modified_time":"2022-04-03T12:13:36+00:00","og_image":[{"width":960,"height":678,"url":"https:\/\/balikesirliler.com\/wp-content\/uploads\/iftar-2022.jpg","type":"image\/jpeg"}],"author":"Kemal Kanikurumaz","twitter_card":"summary_large_image","twitter_misc":{"Yazan:":"Kemal Kanikurumaz","Tahmini okuma s\u00fcresi":"1 dakika"},"schema":{"@context":"https:\/\/schema.org","@graph":[{"@type":"Article","@id":"https:\/\/balikesirliler.com\/tr\/bal-der\/aktueel-duyuru-ve-bildiriler\/geleneksel-iftar-yemegi\/#article","isPartOf":{"@id":"https:\/\/balikesirliler.com\/tr\/bal-der\/aktueel-duyuru-ve-bildiriler\/geleneksel-iftar-yemegi\/"},"author":{"name":"Kemal Kanikurumaz","@id":"https:\/\/balikesirliler.com\/tr\/#\/schema\/person\/25841bfbb7ac2d203b2e09a484a913f3"},"headline":"Geleneksel \u0130ftar Yeme\u011fi","datePublished":"2022-04-03T12:08:38+00:00","dateModified":"2022-04-03T12:13:36+00:00","mainEntityOfPage":{"@id":"https:\/\/balikesirliler.com\/tr\/bal-der\/aktueel-duyuru-ve-bildiriler\/geleneksel-iftar-yemegi\/"},"wordCount":62,"commentCount":0,"publisher":{"@id":"https:\/\/balikesirliler.com\/tr\/#organization"},"image":{"@id":"https:\/\/balikesirliler.com\/tr\/bal-der\/aktueel-duyuru-ve-bildiriler\/geleneksel-iftar-yemegi\/#primaryimage"},"thumbnailUrl":"https:\/\/balikesirliler.com\/wp-content\/uploads\/iftar-2022.jpg","articleSection":["Akt\u00fcel Duyuru ve Bildiriler"],"inLanguage":"tr","potentialAction":[{"@type":"CommentAction","name":"Comment","target":["https:\/\/balikesirliler.com\/tr\/bal-der\/aktueel-duyuru-ve-bildiriler\/geleneksel-iftar-yemegi\/#respond"]}]},{"@type":"WebPage","@id":"https:\/\/balikesirliler.com\/tr\/bal-der\/aktueel-duyuru-ve-bildiriler\/geleneksel-iftar-yemegi\/","url":"https:\/\/balikesirliler.com\/tr\/bal-der\/aktueel-duyuru-ve-bildiriler\/geleneksel-iftar-yemegi\/","name":"Geleneksel \u0130ftar Yeme\u011fi - Bal-Der e.V","isPartOf":{"@id":"https:\/\/balikesirliler.com\/tr\/#website"},"primaryImageOfPage":{"@id":"https:\/\/balikesirliler.com\/tr\/bal-der\/aktueel-duyuru-ve-bildiriler\/geleneksel-iftar-yemegi\/#primaryimage"},"image":{"@id":"https:\/\/balikesirliler.com\/tr\/bal-der\/aktueel-duyuru-ve-bildiriler\/geleneksel-iftar-yemegi\/#primaryimage"},"thumbnailUrl":"https:\/\/balikesirliler.com\/wp-content\/uploads\/iftar-2022.jpg","datePublished":"2022-04-03T12:08:38+00:00","dateModified":"2022-04-03T12:13:36+00:00","breadcrumb":{"@id":"https:\/\/balikesirliler.com\/tr\/bal-der\/aktueel-duyuru-ve-bildiriler\/geleneksel-iftar-yemegi\/#breadcrumb"},"inLanguage":"tr","potentialAction":[{"@type":"ReadAction","target":["https:\/\/balikesirliler.com\/tr\/bal-der\/aktueel-duyuru-ve-bildiriler\/geleneksel-iftar-yemegi\/"]}]},{"@type":"ImageObject","inLanguage":"tr","@id":"https:\/\/balikesirliler.com\/tr\/bal-der\/aktueel-duyuru-ve-bildiriler\/geleneksel-iftar-yemegi\/#primaryimage","url":"https:\/\/balikesirliler.com\/wp-content\/uploads\/iftar-2022.jpg","contentUrl":"https:\/\/balikesirliler.com\/wp-content\/uploads\/iftar-2022.jpg","width":960,"height":678},{"@type":"BreadcrumbList","@id":"https:\/\/balikesirliler.com\/tr\/bal-der\/aktueel-duyuru-ve-bildiriler\/geleneksel-iftar-yemegi\/#breadcrumb","itemListElement":[{"@type":"ListItem","position":1,"name":"BAL-DER","item":"https:\/\/balikesirliler.com\/tr\/"},{"@type":"ListItem","position":2,"name":"BAL-DER","item":"https:\/\/balikesirliler.com\/tr\/bal-der\/"},{"@type":"ListItem","position":3,"name":"Akt\u00fcel Duyuru ve Bildiriler","item":"https:\/\/balikesirliler.com\/tr\/bal-der\/aktueel-duyuru-ve-bildiriler\/"},{"@type":"ListItem","position":4,"name":"Geleneksel \u0130ftar Yeme\u011fi"}]},{"@type":"WebSite","@id":"https:\/\/balikesirliler.com\/tr\/#website","url":"https:\/\/balikesirliler.com\/tr\/","name":"Bal-Der e.V","description":"Kultur- und Unterst\u00fctzungsverein","publisher":{"@id":"https:\/\/balikesirliler.com\/tr\/#organization"},"potentialAction":[{"@type":"SearchAction","target":{"@type":"EntryPoint","urlTemplate":"https:\/\/balikesirliler.com\/tr\/?s={search_term_string}"},"query-input":{"@type":"PropertyValueSpecification","valueRequired":true,"valueName":"search_term_string"}}],"inLanguage":"tr"},{"@type":"Organization","@id":"https:\/\/balikesirliler.com\/tr\/#organization","name":"Bal-Der e.V.","url":"https:\/\/balikesirliler.com\/tr\/","logo":{"@type":"ImageObject","inLanguage":"tr","@id":"https:\/\/balikesirliler.com\/tr\/#\/schema\/logo\/image\/","url":"https:\/\/balikesirliler.com\/wp-content\/uploads\/2021\/09\/logo_180x180.png","contentUrl":"https:\/\/balikesirliler.com\/wp-content\/uploads\/2021\/09\/logo_180x180.png","width":180,"height":180,"caption":"Bal-Der e.V."},"image":{"@id":"https:\/\/balikesirliler.com\/tr\/#\/schema\/logo\/image\/"}},{"@type":"Person","@id":"https:\/\/balikesirliler.com\/tr\/#\/schema\/person\/25841bfbb7ac2d203b2e09a484a913f3","name":"Kemal Kanikurumaz","image":{"@type":"ImageObject","inLanguage":"tr","@id":"https:\/\/secure.gravatar.com\/avatar\/8d46aa237cc4113e308d79dc87079533db2925f8d920db6fa39750d94feed4ec?s=96&d=mm&r=g","url":"https:\/\/secure.gravatar.com\/avatar\/8d46aa237cc4113e308d79dc87079533db2925f8d920db6fa39750d94feed4ec?s=96&d=mm&r=g","contentUrl":"https:\/\/secure.gravatar.com\/avatar\/8d46aa237cc4113e308d79dc87079533db2925f8d920db6fa39750d94feed4ec?s=96&d=mm&r=g","caption":"Kemal Kanikurumaz"}}]}},"jetpack_featured_media_url":"https:\/\/balikesirliler.com\/wp-content\/uploads\/iftar-2022.jpg","jetpack_sharing_enabled":true,"_links":{"self":[{"href":"https:\/\/balikesirliler.com\/tr\/wp-json\/wp\/v2\/posts\/2652","targetHints":{"allow":["GET"]}}],"collection":[{"href":"https:\/\/balikesirliler.com\/tr\/wp-json\/wp\/v2\/posts"}],"about":[{"href":"https:\/\/balikesirliler.com\/tr\/wp-json\/wp\/v2\/types\/post"}],"author":[{"embeddable":true,"href":"https:\/\/balikesirliler.com\/tr\/wp-json\/wp\/v2\/users\/2"}],"replies":[{"embeddable":true,"href":"https:\/\/balikesirliler.com\/tr\/wp-json\/wp\/v2\/comments?post=2652"}],"version-history":[{"count":2,"href":"https:\/\/balikesirliler.com\/tr\/wp-json\/wp\/v2\/posts\/2652\/revisions"}],"predecessor-version":[{"id":2656,"href":"https:\/\/balikesirliler.com\/tr\/wp-json\/wp\/v2\/posts\/2652\/revisions\/2656"}],"wp:featuredmedia":[{"embeddable":true,"href":"https:\/\/balikesirliler.com\/tr\/wp-json\/wp\/v2\/media\/2653"}],"wp:attachment":[{"href":"https:\/\/balikesirliler.com\/tr\/wp-json\/wp\/v2\/media?parent=2652"}],"wp:term":[{"taxonomy":"category","embeddable":true,"href":"https:\/\/balikesirliler.com\/tr\/wp-json\/wp\/v2\/categories?post=2652"},{"taxonomy":"post_tag","embeddable":true,"href":"https:\/\/balikesirliler.com\/tr\/wp-json\/wp\/v2\/tags?post=2652"}],"curies":[{"name":"wp","href":"https:\/\/api.w.org\/{rel}","templated":true}]}}