{"id":2532,"date":"2022-01-23T15:41:02","date_gmt":"2022-01-23T14:41:02","guid":{"rendered":"https:\/\/balikesirliler.com\/?p=2532"},"modified":"2022-01-23T15:41:02","modified_gmt":"2022-01-23T14:41:02","slug":"ueyelerimize-duyuru","status":"publish","type":"post","link":"https:\/\/balikesirliler.com\/tr\/bal-der\/aktueel-duyuru-ve-bildiriler\/ueyelerimize-duyuru\/","title":{"rendered":"\u00dcYELER\u0130M\u0130ZE DUYURU"},"content":{"rendered":"<p>Bildi\u011finiz gibi 4 \u015eubat\u2019ta derne\u011fimizin kurulu\u015funun 16.y\u0131l d\u00f6n\u00fcm\u00fc ile birlikte, bu d\u00f6nem y\u00f6netimimizin g\u00f6revini tamamlay\u0131p 9.D\u00f6nem i\u00e7in Kongre yapma zaman\u0131. Ama d\u00fcnya genelinde insan hayat\u0131 a\u00e7\u0131s\u0131ndan son derece tehlikeli olan yeni tip Koronavir\u00fcs (Covid-19) salg\u0131n\u0131 nedeniyle can kayb\u0131 ve vaka say\u0131s\u0131 artmaya devam etmekte oldu\u011fundan, y\u00f6netim kurulumuzun son toplant\u0131s\u0131nda alm\u0131\u015f oldu\u011fu karar gere\u011fi 9. Ola\u011fan Kongre Toplant\u0131m\u0131z ertelenmi\u015f bulunmaktad\u0131r.<br \/>\nSalg\u0131n hastal\u0131\u011f\u0131n yava\u015flay\u0131p, resmi kurumlar\u0131n imkan tan\u0131d\u0131\u011f\u0131 zaman siz \u00fcyelerimizi bilgilendirip, derne\u011fimiz kongresini en k\u0131sa zamanda yapmay\u0131 diliyor, selam ve sayg\u0131lar\u0131m\u0131z\u0131 sunuyoruz.<\/p>\n<p>ALMANYA BALIKES\u0130RL\u0130LER DERNE\u011e\u0130<br \/>\nY\u00f6netim Kurulu<\/p>\n","protected":false},"excerpt":{"rendered":"<p>Bildi\u011finiz gibi 4 \u015eubat\u2019ta derne\u011fimizin kurulu\u015funun 16.y\u0131l d\u00f6n\u00fcm\u00fc ile birlikte, bu d\u00f6nem y\u00f6netimimizin g\u00f6revini tamamlay\u0131p 9.D\u00f6nem i\u00e7in Kongre yapma zaman\u0131. Ama d\u00fcnya genelinde insan hayat\u0131 a\u00e7\u0131s\u0131ndan son derece tehlikeli olan yeni tip Koronavir\u00fcs (Covid-19) salg\u0131n\u0131 nedeniyle can kayb\u0131 ve vaka say\u0131s\u0131 artmaya devam etmekte oldu\u011fundan, y\u00f6netim kurulumuzun son toplant\u0131s\u0131nda alm\u0131\u015f oldu\u011fu karar gere\u011fi 9. Ola\u011fan [&hellip;]<\/p>\n","protected":false},"author":2,"featured_media":2533,"comment_status":"open","ping_status":"open","sticky":false,"template":"","format":"standard","meta":{"_acf_changed":false,"_jetpack_memberships_contains_paid_content":false,"footnotes":""},"categories":[43],"tags":[],"class_list":["post-2532","post","type-post","status-publish","format-standard","has-post-thumbnail","hentry","category-aktueel-duyuru-ve-bildiriler"],"acf":[],"yoast_head":"<!-- This site is optimized with the Yoast SEO plugin v27.5 - https:\/\/yoast.com\/product\/yoast-seo-wordpress\/ -->\n<title>\u00dcYELER\u0130M\u0130ZE DUYURU - Bal-Der e.V<\/title>\n<meta name=\"robots\" content=\"index, follow, max-snippet:-1, max-image-preview:large, max-video-preview:-1\" \/>\n<link rel=\"canonical\" href=\"https:\/\/balikesirliler.com\/tr\/bal-der\/aktueel-duyuru-ve-bildiriler\/ueyelerimize-duyuru\/\" \/>\n<meta property=\"og:locale\" content=\"tr_TR\" \/>\n<meta property=\"og:type\" content=\"article\" \/>\n<meta property=\"og:title\" content=\"\u00dcYELER\u0130M\u0130ZE DUYURU - Bal-Der e.V\" \/>\n<meta property=\"og:description\" content=\"Bildi\u011finiz gibi 4 \u015eubat\u2019ta derne\u011fimizin kurulu\u015funun 16.y\u0131l d\u00f6n\u00fcm\u00fc ile birlikte, bu d\u00f6nem y\u00f6netimimizin g\u00f6revini tamamlay\u0131p 9.D\u00f6nem i\u00e7in Kongre yapma zaman\u0131. Ama d\u00fcnya genelinde insan hayat\u0131 a\u00e7\u0131s\u0131ndan son derece tehlikeli olan yeni tip Koronavir\u00fcs (Covid-19) salg\u0131n\u0131 nedeniyle can kayb\u0131 ve vaka say\u0131s\u0131 artmaya devam etmekte oldu\u011fundan, y\u00f6netim kurulumuzun son toplant\u0131s\u0131nda alm\u0131\u015f oldu\u011fu karar gere\u011fi 9. Ola\u011fan [&hellip;]\" \/>\n<meta property=\"og:url\" content=\"https:\/\/balikesirliler.com\/tr\/bal-der\/aktueel-duyuru-ve-bildiriler\/ueyelerimize-duyuru\/\" \/>\n<meta property=\"og:site_name\" content=\"Bal-Der e.V\" \/>\n<meta property=\"article:published_time\" content=\"2022-01-23T14:41:02+00:00\" \/>\n<meta property=\"og:image\" content=\"https:\/\/balikesirliler.com\/wp-content\/uploads\/2021\/09\/logo_180x180.png\" \/>\n\t<meta property=\"og:image:width\" content=\"180\" \/>\n\t<meta property=\"og:image:height\" content=\"180\" \/>\n\t<meta property=\"og:image:type\" content=\"image\/png\" \/>\n<meta name=\"author\" content=\"Kemal Kanikurumaz\" \/>\n<meta name=\"twitter:card\" content=\"summary_large_image\" \/>\n<meta name=\"twitter:label1\" content=\"Yazan:\" \/>\n\t<meta name=\"twitter:data1\" content=\"Kemal Kanikurumaz\" \/>\n\t<meta name=\"twitter:label2\" content=\"Tahmini okuma s\u00fcresi\" \/>\n\t<meta name=\"twitter:data2\" content=\"1 dakika\" \/>\n<script type=\"application\/ld+json\" class=\"yoast-schema-graph\">{\"@context\":\"https:\\\/\\\/schema.org\",\"@graph\":[{\"@type\":\"Article\",\"@id\":\"https:\\\/\\\/balikesirliler.com\\\/tr\\\/bal-der\\\/aktueel-duyuru-ve-bildiriler\\\/ueyelerimize-duyuru\\\/#article\",\"isPartOf\":{\"@id\":\"https:\\\/\\\/balikesirliler.com\\\/tr\\\/bal-der\\\/aktueel-duyuru-ve-bildiriler\\\/ueyelerimize-duyuru\\\/\"},\"author\":{\"name\":\"Kemal Kanikurumaz\",\"@id\":\"https:\\\/\\\/balikesirliler.com\\\/tr\\\/#\\\/schema\\\/person\\\/25841bfbb7ac2d203b2e09a484a913f3\"},\"headline\":\"\u00dcYELER\u0130M\u0130ZE DUYURU\",\"datePublished\":\"2022-01-23T14:41:02+00:00\",\"mainEntityOfPage\":{\"@id\":\"https:\\\/\\\/balikesirliler.com\\\/tr\\\/bal-der\\\/aktueel-duyuru-ve-bildiriler\\\/ueyelerimize-duyuru\\\/\"},\"wordCount\":131,\"commentCount\":0,\"publisher\":{\"@id\":\"https:\\\/\\\/balikesirliler.com\\\/tr\\\/#organization\"},\"image\":{\"@id\":\"https:\\\/\\\/balikesirliler.com\\\/tr\\\/bal-der\\\/aktueel-duyuru-ve-bildiriler\\\/ueyelerimize-duyuru\\\/#primaryimage\"},\"thumbnailUrl\":\"https:\\\/\\\/balikesirliler.com\\\/wp-content\\\/uploads\\\/2021\\\/09\\\/logo_180x180.png\",\"articleSection\":[\"Akt\u00fcel Duyuru ve Bildiriler\"],\"inLanguage\":\"tr\",\"potentialAction\":[{\"@type\":\"CommentAction\",\"name\":\"Comment\",\"target\":[\"https:\\\/\\\/balikesirliler.com\\\/tr\\\/bal-der\\\/aktueel-duyuru-ve-bildiriler\\\/ueyelerimize-duyuru\\\/#respond\"]}]},{\"@type\":\"WebPage\",\"@id\":\"https:\\\/\\\/balikesirliler.com\\\/tr\\\/bal-der\\\/aktueel-duyuru-ve-bildiriler\\\/ueyelerimize-duyuru\\\/\",\"url\":\"https:\\\/\\\/balikesirliler.com\\\/tr\\\/bal-der\\\/aktueel-duyuru-ve-bildiriler\\\/ueyelerimize-duyuru\\\/\",\"name\":\"\u00dcYELER\u0130M\u0130ZE DUYURU - Bal-Der e.V\",\"isPartOf\":{\"@id\":\"https:\\\/\\\/balikesirliler.com\\\/tr\\\/#website\"},\"primaryImageOfPage\":{\"@id\":\"https:\\\/\\\/balikesirliler.com\\\/tr\\\/bal-der\\\/aktueel-duyuru-ve-bildiriler\\\/ueyelerimize-duyuru\\\/#primaryimage\"},\"image\":{\"@id\":\"https:\\\/\\\/balikesirliler.com\\\/tr\\\/bal-der\\\/aktueel-duyuru-ve-bildiriler\\\/ueyelerimize-duyuru\\\/#primaryimage\"},\"thumbnailUrl\":\"https:\\\/\\\/balikesirliler.com\\\/wp-content\\\/uploads\\\/2021\\\/09\\\/logo_180x180.png\",\"datePublished\":\"2022-01-23T14:41:02+00:00\",\"breadcrumb\":{\"@id\":\"https:\\\/\\\/balikesirliler.com\\\/tr\\\/bal-der\\\/aktueel-duyuru-ve-bildiriler\\\/ueyelerimize-duyuru\\\/#breadcrumb\"},\"inLanguage\":\"tr\",\"potentialAction\":[{\"@type\":\"ReadAction\",\"target\":[\"https:\\\/\\\/balikesirliler.com\\\/tr\\\/bal-der\\\/aktueel-duyuru-ve-bildiriler\\\/ueyelerimize-duyuru\\\/\"]}]},{\"@type\":\"ImageObject\",\"inLanguage\":\"tr\",\"@id\":\"https:\\\/\\\/balikesirliler.com\\\/tr\\\/bal-der\\\/aktueel-duyuru-ve-bildiriler\\\/ueyelerimize-duyuru\\\/#primaryimage\",\"url\":\"https:\\\/\\\/balikesirliler.com\\\/wp-content\\\/uploads\\\/2021\\\/09\\\/logo_180x180.png\",\"contentUrl\":\"https:\\\/\\\/balikesirliler.com\\\/wp-content\\\/uploads\\\/2021\\\/09\\\/logo_180x180.png\",\"width\":180,\"height\":180},{\"@type\":\"BreadcrumbList\",\"@id\":\"https:\\\/\\\/balikesirliler.com\\\/tr\\\/bal-der\\\/aktueel-duyuru-ve-bildiriler\\\/ueyelerimize-duyuru\\\/#breadcrumb\",\"itemListElement\":[{\"@type\":\"ListItem\",\"position\":1,\"name\":\"BAL-DER\",\"item\":\"https:\\\/\\\/balikesirliler.com\\\/tr\\\/\"},{\"@type\":\"ListItem\",\"position\":2,\"name\":\"BAL-DER\",\"item\":\"https:\\\/\\\/balikesirliler.com\\\/tr\\\/bal-der\\\/\"},{\"@type\":\"ListItem\",\"position\":3,\"name\":\"Akt\u00fcel Duyuru ve Bildiriler\",\"item\":\"https:\\\/\\\/balikesirliler.com\\\/tr\\\/bal-der\\\/aktueel-duyuru-ve-bildiriler\\\/\"},{\"@type\":\"ListItem\",\"position\":4,\"name\":\"\u00dcYELER\u0130M\u0130ZE DUYURU\"}]},{\"@type\":\"WebSite\",\"@id\":\"https:\\\/\\\/balikesirliler.com\\\/tr\\\/#website\",\"url\":\"https:\\\/\\\/balikesirliler.com\\\/tr\\\/\",\"name\":\"Bal-Der e.V\",\"description\":\"Kultur- und Unterst\u00fctzungsverein\",\"publisher\":{\"@id\":\"https:\\\/\\\/balikesirliler.com\\\/tr\\\/#organization\"},\"potentialAction\":[{\"@type\":\"SearchAction\",\"target\":{\"@type\":\"EntryPoint\",\"urlTemplate\":\"https:\\\/\\\/balikesirliler.com\\\/tr\\\/?s={search_term_string}\"},\"query-input\":{\"@type\":\"PropertyValueSpecification\",\"valueRequired\":true,\"valueName\":\"search_term_string\"}}],\"inLanguage\":\"tr\"},{\"@type\":\"Organization\",\"@id\":\"https:\\\/\\\/balikesirliler.com\\\/tr\\\/#organization\",\"name\":\"Bal-Der e.V.\",\"url\":\"https:\\\/\\\/balikesirliler.com\\\/tr\\\/\",\"logo\":{\"@type\":\"ImageObject\",\"inLanguage\":\"tr\",\"@id\":\"https:\\\/\\\/balikesirliler.com\\\/tr\\\/#\\\/schema\\\/logo\\\/image\\\/\",\"url\":\"https:\\\/\\\/balikesirliler.com\\\/wp-content\\\/uploads\\\/2021\\\/09\\\/logo_180x180.png\",\"contentUrl\":\"https:\\\/\\\/balikesirliler.com\\\/wp-content\\\/uploads\\\/2021\\\/09\\\/logo_180x180.png\",\"width\":180,\"height\":180,\"caption\":\"Bal-Der e.V.\"},\"image\":{\"@id\":\"https:\\\/\\\/balikesirliler.com\\\/tr\\\/#\\\/schema\\\/logo\\\/image\\\/\"}},{\"@type\":\"Person\",\"@id\":\"https:\\\/\\\/balikesirliler.com\\\/tr\\\/#\\\/schema\\\/person\\\/25841bfbb7ac2d203b2e09a484a913f3\",\"name\":\"Kemal Kanikurumaz\",\"image\":{\"@type\":\"ImageObject\",\"inLanguage\":\"tr\",\"@id\":\"https:\\\/\\\/secure.gravatar.com\\\/avatar\\\/8d46aa237cc4113e308d79dc87079533db2925f8d920db6fa39750d94feed4ec?s=96&d=mm&r=g\",\"url\":\"https:\\\/\\\/secure.gravatar.com\\\/avatar\\\/8d46aa237cc4113e308d79dc87079533db2925f8d920db6fa39750d94feed4ec?s=96&d=mm&r=g\",\"contentUrl\":\"https:\\\/\\\/secure.gravatar.com\\\/avatar\\\/8d46aa237cc4113e308d79dc87079533db2925f8d920db6fa39750d94feed4ec?s=96&d=mm&r=g\",\"caption\":\"Kemal Kanikurumaz\"}}]}<\/script>\n<!-- \/ Yoast SEO plugin. -->","yoast_head_json":{"title":"\u00dcYELER\u0130M\u0130ZE DUYURU - Bal-Der e.V","robots":{"index":"index","follow":"follow","max-snippet":"max-snippet:-1","max-image-preview":"max-image-preview:large","max-video-preview":"max-video-preview:-1"},"canonical":"https:\/\/balikesirliler.com\/tr\/bal-der\/aktueel-duyuru-ve-bildiriler\/ueyelerimize-duyuru\/","og_locale":"tr_TR","og_type":"article","og_title":"\u00dcYELER\u0130M\u0130ZE DUYURU - Bal-Der e.V","og_description":"Bildi\u011finiz gibi 4 \u015eubat\u2019ta derne\u011fimizin kurulu\u015funun 16.y\u0131l d\u00f6n\u00fcm\u00fc ile birlikte, bu d\u00f6nem y\u00f6netimimizin g\u00f6revini tamamlay\u0131p 9.D\u00f6nem i\u00e7in Kongre yapma zaman\u0131. Ama d\u00fcnya genelinde insan hayat\u0131 a\u00e7\u0131s\u0131ndan son derece tehlikeli olan yeni tip Koronavir\u00fcs (Covid-19) salg\u0131n\u0131 nedeniyle can kayb\u0131 ve vaka say\u0131s\u0131 artmaya devam etmekte oldu\u011fundan, y\u00f6netim kurulumuzun son toplant\u0131s\u0131nda alm\u0131\u015f oldu\u011fu karar gere\u011fi 9. Ola\u011fan [&hellip;]","og_url":"https:\/\/balikesirliler.com\/tr\/bal-der\/aktueel-duyuru-ve-bildiriler\/ueyelerimize-duyuru\/","og_site_name":"Bal-Der e.V","article_published_time":"2022-01-23T14:41:02+00:00","og_image":[{"width":180,"height":180,"url":"https:\/\/balikesirliler.com\/wp-content\/uploads\/2021\/09\/logo_180x180.png","type":"image\/png"}],"author":"Kemal Kanikurumaz","twitter_card":"summary_large_image","twitter_misc":{"Yazan:":"Kemal Kanikurumaz","Tahmini okuma s\u00fcresi":"1 dakika"},"schema":{"@context":"https:\/\/schema.org","@graph":[{"@type":"Article","@id":"https:\/\/balikesirliler.com\/tr\/bal-der\/aktueel-duyuru-ve-bildiriler\/ueyelerimize-duyuru\/#article","isPartOf":{"@id":"https:\/\/balikesirliler.com\/tr\/bal-der\/aktueel-duyuru-ve-bildiriler\/ueyelerimize-duyuru\/"},"author":{"name":"Kemal Kanikurumaz","@id":"https:\/\/balikesirliler.com\/tr\/#\/schema\/person\/25841bfbb7ac2d203b2e09a484a913f3"},"headline":"\u00dcYELER\u0130M\u0130ZE DUYURU","datePublished":"2022-01-23T14:41:02+00:00","mainEntityOfPage":{"@id":"https:\/\/balikesirliler.com\/tr\/bal-der\/aktueel-duyuru-ve-bildiriler\/ueyelerimize-duyuru\/"},"wordCount":131,"commentCount":0,"publisher":{"@id":"https:\/\/balikesirliler.com\/tr\/#organization"},"image":{"@id":"https:\/\/balikesirliler.com\/tr\/bal-der\/aktueel-duyuru-ve-bildiriler\/ueyelerimize-duyuru\/#primaryimage"},"thumbnailUrl":"https:\/\/balikesirliler.com\/wp-content\/uploads\/2021\/09\/logo_180x180.png","articleSection":["Akt\u00fcel Duyuru ve Bildiriler"],"inLanguage":"tr","potentialAction":[{"@type":"CommentAction","name":"Comment","target":["https:\/\/balikesirliler.com\/tr\/bal-der\/aktueel-duyuru-ve-bildiriler\/ueyelerimize-duyuru\/#respond"]}]},{"@type":"WebPage","@id":"https:\/\/balikesirliler.com\/tr\/bal-der\/aktueel-duyuru-ve-bildiriler\/ueyelerimize-duyuru\/","url":"https:\/\/balikesirliler.com\/tr\/bal-der\/aktueel-duyuru-ve-bildiriler\/ueyelerimize-duyuru\/","name":"\u00dcYELER\u0130M\u0130ZE DUYURU - Bal-Der e.V","isPartOf":{"@id":"https:\/\/balikesirliler.com\/tr\/#website"},"primaryImageOfPage":{"@id":"https:\/\/balikesirliler.com\/tr\/bal-der\/aktueel-duyuru-ve-bildiriler\/ueyelerimize-duyuru\/#primaryimage"},"image":{"@id":"https:\/\/balikesirliler.com\/tr\/bal-der\/aktueel-duyuru-ve-bildiriler\/ueyelerimize-duyuru\/#primaryimage"},"thumbnailUrl":"https:\/\/balikesirliler.com\/wp-content\/uploads\/2021\/09\/logo_180x180.png","datePublished":"2022-01-23T14:41:02+00:00","breadcrumb":{"@id":"https:\/\/balikesirliler.com\/tr\/bal-der\/aktueel-duyuru-ve-bildiriler\/ueyelerimize-duyuru\/#breadcrumb"},"inLanguage":"tr","potentialAction":[{"@type":"ReadAction","target":["https:\/\/balikesirliler.com\/tr\/bal-der\/aktueel-duyuru-ve-bildiriler\/ueyelerimize-duyuru\/"]}]},{"@type":"ImageObject","inLanguage":"tr","@id":"https:\/\/balikesirliler.com\/tr\/bal-der\/aktueel-duyuru-ve-bildiriler\/ueyelerimize-duyuru\/#primaryimage","url":"https:\/\/balikesirliler.com\/wp-content\/uploads\/2021\/09\/logo_180x180.png","contentUrl":"https:\/\/balikesirliler.com\/wp-content\/uploads\/2021\/09\/logo_180x180.png","width":180,"height":180},{"@type":"BreadcrumbList","@id":"https:\/\/balikesirliler.com\/tr\/bal-der\/aktueel-duyuru-ve-bildiriler\/ueyelerimize-duyuru\/#breadcrumb","itemListElement":[{"@type":"ListItem","position":1,"name":"BAL-DER","item":"https:\/\/balikesirliler.com\/tr\/"},{"@type":"ListItem","position":2,"name":"BAL-DER","item":"https:\/\/balikesirliler.com\/tr\/bal-der\/"},{"@type":"ListItem","position":3,"name":"Akt\u00fcel Duyuru ve Bildiriler","item":"https:\/\/balikesirliler.com\/tr\/bal-der\/aktueel-duyuru-ve-bildiriler\/"},{"@type":"ListItem","position":4,"name":"\u00dcYELER\u0130M\u0130ZE DUYURU"}]},{"@type":"WebSite","@id":"https:\/\/balikesirliler.com\/tr\/#website","url":"https:\/\/balikesirliler.com\/tr\/","name":"Bal-Der e.V","description":"Kultur- und Unterst\u00fctzungsverein","publisher":{"@id":"https:\/\/balikesirliler.com\/tr\/#organization"},"potentialAction":[{"@type":"SearchAction","target":{"@type":"EntryPoint","urlTemplate":"https:\/\/balikesirliler.com\/tr\/?s={search_term_string}"},"query-input":{"@type":"PropertyValueSpecification","valueRequired":true,"valueName":"search_term_string"}}],"inLanguage":"tr"},{"@type":"Organization","@id":"https:\/\/balikesirliler.com\/tr\/#organization","name":"Bal-Der e.V.","url":"https:\/\/balikesirliler.com\/tr\/","logo":{"@type":"ImageObject","inLanguage":"tr","@id":"https:\/\/balikesirliler.com\/tr\/#\/schema\/logo\/image\/","url":"https:\/\/balikesirliler.com\/wp-content\/uploads\/2021\/09\/logo_180x180.png","contentUrl":"https:\/\/balikesirliler.com\/wp-content\/uploads\/2021\/09\/logo_180x180.png","width":180,"height":180,"caption":"Bal-Der e.V."},"image":{"@id":"https:\/\/balikesirliler.com\/tr\/#\/schema\/logo\/image\/"}},{"@type":"Person","@id":"https:\/\/balikesirliler.com\/tr\/#\/schema\/person\/25841bfbb7ac2d203b2e09a484a913f3","name":"Kemal Kanikurumaz","image":{"@type":"ImageObject","inLanguage":"tr","@id":"https:\/\/secure.gravatar.com\/avatar\/8d46aa237cc4113e308d79dc87079533db2925f8d920db6fa39750d94feed4ec?s=96&d=mm&r=g","url":"https:\/\/secure.gravatar.com\/avatar\/8d46aa237cc4113e308d79dc87079533db2925f8d920db6fa39750d94feed4ec?s=96&d=mm&r=g","contentUrl":"https:\/\/secure.gravatar.com\/avatar\/8d46aa237cc4113e308d79dc87079533db2925f8d920db6fa39750d94feed4ec?s=96&d=mm&r=g","caption":"Kemal Kanikurumaz"}}]}},"jetpack_featured_media_url":"https:\/\/balikesirliler.com\/wp-content\/uploads\/2021\/09\/logo_180x180.png","jetpack_sharing_enabled":true,"_links":{"self":[{"href":"https:\/\/balikesirliler.com\/tr\/wp-json\/wp\/v2\/posts\/2532","targetHints":{"allow":["GET"]}}],"collection":[{"href":"https:\/\/balikesirliler.com\/tr\/wp-json\/wp\/v2\/posts"}],"about":[{"href":"https:\/\/balikesirliler.com\/tr\/wp-json\/wp\/v2\/types\/post"}],"author":[{"embeddable":true,"href":"https:\/\/balikesirliler.com\/tr\/wp-json\/wp\/v2\/users\/2"}],"replies":[{"embeddable":true,"href":"https:\/\/balikesirliler.com\/tr\/wp-json\/wp\/v2\/comments?post=2532"}],"version-history":[{"count":1,"href":"https:\/\/balikesirliler.com\/tr\/wp-json\/wp\/v2\/posts\/2532\/revisions"}],"predecessor-version":[{"id":2534,"href":"https:\/\/balikesirliler.com\/tr\/wp-json\/wp\/v2\/posts\/2532\/revisions\/2534"}],"wp:featuredmedia":[{"embeddable":true,"href":"https:\/\/balikesirliler.com\/tr\/wp-json\/wp\/v2\/media\/2533"}],"wp:attachment":[{"href":"https:\/\/balikesirliler.com\/tr\/wp-json\/wp\/v2\/media?parent=2532"}],"wp:term":[{"taxonomy":"category","embeddable":true,"href":"https:\/\/balikesirliler.com\/tr\/wp-json\/wp\/v2\/categories?post=2532"},{"taxonomy":"post_tag","embeddable":true,"href":"https:\/\/balikesirliler.com\/tr\/wp-json\/wp\/v2\/tags?post=2532"}],"curies":[{"name":"wp","href":"https:\/\/api.w.org\/{rel}","templated":true}]}}