{"id":1574,"date":"2021-12-22T18:02:40","date_gmt":"2021-12-22T17:02:40","guid":{"rendered":"https:\/\/balikesirliler.com\/?p=1574"},"modified":"2021-12-22T18:25:51","modified_gmt":"2021-12-22T17:25:51","slug":"balikesir-adi","status":"publish","type":"post","link":"https:\/\/balikesirliler.com\/tr\/genel\/sehir-ve-insanlar\/balikesir-adi\/","title":{"rendered":"Bal\u0131kesir Ad\u0131"},"content":{"rendered":"<p><strong>Bal\u0131kesir Ad\u0131n\u0131n Men\u015fei<\/strong><br \/>\nTarih\u00e7ilere g\u00f6re Bal\u0131kesir ad\u0131, Bizans imparatoru Hadrianus&#8217;un av partilerinde kullanmak i\u00e7in yapt\u0131rd\u0131\u011f\u0131 Paleo Kastro (Eski Hisar) s\u00f6zc\u00fc\u011f\u00fcnden kaynaklanmaktad\u0131r. Tarihi bir ger\u00e7ekli\u011fi de bulunan bu ad, daha sonra halk etimolojisi sayesinde de\u011fi\u015fik rivayet ve yorumlara da konu te\u015fkil etmi\u015ftir.Bu rivayetlerden birka\u00e7\u0131 k\u0131saca \u015f\u00f6yledir:<br \/>\nBal\u0131kesir ad\u0131 daha \u00e7ok bal, bal\u0131k, kesir ve hisar kelimeleri \u00fczerinde yap\u0131lan oynamalarla izah edilmektedir.<\/p>\n<p>Bir rivayete g\u00f6re Bal\u0131kesir&#8217;in ad\u0131 eskiden Bal\u0131k Hisar \u015feklindeymi\u015f. Buradaki. bal\u0131k s\u00f6z\u00fc Eski T\u00fcrk\u00e7e&#8217;de \u015fehir, kale veya saray anlam\u0131 ta\u015f\u0131maktaym\u0131\u015f. Kale \u015eehri anlam\u0131n\u0131 veren bu rivayete g\u00f6re bu ad, XI. y\u00fczy\u0131ldan sonra kullan\u0131lmaz olmu\u015ftur. Ger\u00e7ekten de Orta Asya&#8217;da Be\u015fbal\u0131k gibi baz\u0131 Uygur devrine ait yer isimlerinde bal\u0131k kelimesinin \u015fehir anlam\u0131nda kullan\u0131ld\u0131\u011f\u0131 dikkati \u00e7ekmektedir.<\/p>\n<p>Di\u011fer bir rivayete g\u00f6re ise Bal\u0131kesir ad\u0131, bal\u0131 kesir, yani bal\u0131\u00e7ok, bol anlam\u0131ndaki s\u00f6z .grubundan gel\u00acmektedir. Buna g\u00f6re Bal\u0131kesir&#8217;in bal\u0131n\u0131n bol ve lezzetli olu\u015fu bu ad\u0131 almas\u0131na sebep olmu\u015ftur.<\/p>\n<p>Ba\u015fka bir rivayet ise Bal\u0131kesir&#8217;in ilk kuruldu\u011fu y\u0131llarda buraya gelen bir yabanc\u0131n\u0131n iyi muamele g\u00f6rmemesi \u00fczerine. bal\u0131 keser, yani hat\u0131r, g\u00f6n\u00fcl tan\u0131maz ad\u0131n\u0131 verdi\u011fi \u015feklindedir. Buna g\u00f6re bal, Arap\u00e7a&#8217;da hat\u0131r, g\u00f6n\u00fcl anlam\u0131n\u0131 ta\u015f\u0131maktad\u0131r.<br \/>\nBunlar\u0131n d\u0131\u015f\u0131nda b\u00f6lgede bir s\u00fcre hakim olan \u0130ran H\u00fck\u00fcmdar\u0131 Bal\u0131 Kisra veya civardaki Y\u0131lanl\u0131 Da\u011f&#8217;\u0131n eski ad\u0131 olan Balcea yada Pelecas&#8217;\u0131n Bal\u0131kesir ad\u0131n\u0131n ilk \u015fekli oldu\u011fu ileri s\u00fcr\u00fclmektedir. Fakat bunlar uzak ihtimaller olarak de\u011ferlendirilmektedir. \u0130bni Batuta ve di\u011fer arap kaynaklar\u0131na g\u00f6re , Bal\u0131kesir \u015fehri Karesi Bey taraf\u0131ndan kuruldu.<\/p>\n<p>B\u00fct\u00fcn bu rivayetler i\u00e7inde en kabul edileni, buraya yerle\u015fen T\u00fcrk oymaklar\u0131n\u0131n Orta Asya hat\u0131ralar\u0131n\u0131 canl\u0131 tutmak i\u00e7in koymu\u015f olabilecekleri Bal\u0131k Hisar ad\u0131d\u0131r.<br \/>\nBal\u0131kesir d\u0131\u015f\u0131nda tarihte daha \u00e7ok an\u0131lan bir ad\u0131 daha vard\u0131r. Bu ad y\u00f6rede bir s\u00fcre hakim olan Karesio\u011fullar\u0131 Beyli\u011fi&#8217;nin kurucusu Karasi Bey&#8217;den kaynaklanan Karesi ad\u0131d\u0131r. \u0130lin gerek beylik, gerekse Osmanl\u0131 Sancakl\u0131\u011f\u0131 d\u00f6neminde daha \u00e7ok bu adla an\u0131lm\u0131\u015ft\u0131r. Bir rivayete g\u00f6re de Karesi beyinin oturdu\u011fu kaleye Beylik Hisar ad\u0131 verildi\u011fidir.<\/p>\n<p>Karesi Vilayeti, 2.Me\u015frutiyetin ilan\u0131na m\u00fcteakip, m\u00fcstakil mutasarr\u0131fl\u0131k haline getirildi. 1923 y\u0131l\u0131nda, bir kanunla Karesi deyimi kald\u0131r\u0131larak \u201c Bal\u0131kesir\u201d s\u00f6z\u00fc ayn\u0131 zamanda Vilayetin de ad\u0131 oldu.<\/p>\n<p>&nbsp;<\/p>\n","protected":false},"excerpt":{"rendered":"<p>Bal\u0131kesir Ad\u0131n\u0131n Men\u015fei Tarih\u00e7ilere g\u00f6re Bal\u0131kesir ad\u0131, Bizans imparatoru Hadrianus&#8217;un av partilerinde kullanmak i\u00e7in yapt\u0131rd\u0131\u011f\u0131 Paleo Kastro (Eski Hisar) s\u00f6zc\u00fc\u011f\u00fcnden kaynaklanmaktad\u0131r. Tarihi bir ger\u00e7ekli\u011fi de bulunan bu ad, daha sonra halk etimolojisi sayesinde de\u011fi\u015fik rivayet ve yorumlara da konu te\u015fkil etmi\u015ftir.Bu rivayetlerden birka\u00e7\u0131 k\u0131saca \u015f\u00f6yledir: Bal\u0131kesir ad\u0131 daha \u00e7ok bal, bal\u0131k, kesir ve hisar kelimeleri [&hellip;]<\/p>\n","protected":false},"author":2,"featured_media":1575,"comment_status":"open","ping_status":"open","sticky":false,"template":"","format":"standard","meta":{"_acf_changed":false,"_jetpack_memberships_contains_paid_content":false,"footnotes":""},"categories":[39],"tags":[],"class_list":["post-1574","post","type-post","status-publish","format-standard","has-post-thumbnail","hentry","category-sehir-ve-insanlar"],"acf":[],"yoast_head":"<!-- This site is optimized with the Yoast SEO plugin v27.5 - https:\/\/yoast.com\/product\/yoast-seo-wordpress\/ -->\n<title>Bal\u0131kesir Ad\u0131 - Bal-Der e.V<\/title>\n<meta name=\"robots\" content=\"index, follow, max-snippet:-1, max-image-preview:large, max-video-preview:-1\" \/>\n<link rel=\"canonical\" href=\"https:\/\/balikesirliler.com\/tr\/genel\/sehir-ve-insanlar\/balikesir-adi\/\" \/>\n<meta property=\"og:locale\" content=\"tr_TR\" \/>\n<meta property=\"og:type\" content=\"article\" \/>\n<meta property=\"og:title\" content=\"Bal\u0131kesir Ad\u0131 - Bal-Der e.V\" \/>\n<meta property=\"og:description\" content=\"Bal\u0131kesir Ad\u0131n\u0131n Men\u015fei Tarih\u00e7ilere g\u00f6re Bal\u0131kesir ad\u0131, Bizans imparatoru Hadrianus&#8217;un av partilerinde kullanmak i\u00e7in yapt\u0131rd\u0131\u011f\u0131 Paleo Kastro (Eski Hisar) s\u00f6zc\u00fc\u011f\u00fcnden kaynaklanmaktad\u0131r. Tarihi bir ger\u00e7ekli\u011fi de bulunan bu ad, daha sonra halk etimolojisi sayesinde de\u011fi\u015fik rivayet ve yorumlara da konu te\u015fkil etmi\u015ftir.Bu rivayetlerden birka\u00e7\u0131 k\u0131saca \u015f\u00f6yledir: Bal\u0131kesir ad\u0131 daha \u00e7ok bal, bal\u0131k, kesir ve hisar kelimeleri [&hellip;]\" \/>\n<meta property=\"og:url\" content=\"https:\/\/balikesirliler.com\/tr\/genel\/sehir-ve-insanlar\/balikesir-adi\/\" \/>\n<meta property=\"og:site_name\" content=\"Bal-Der e.V\" \/>\n<meta property=\"article:published_time\" content=\"2021-12-22T17:02:40+00:00\" \/>\n<meta property=\"article:modified_time\" content=\"2021-12-22T17:25:51+00:00\" \/>\n<meta property=\"og:image\" content=\"https:\/\/balikesirliler.com\/wp-content\/uploads\/SADIRVAN.jpg\" \/>\n\t<meta property=\"og:image:width\" content=\"473\" \/>\n\t<meta property=\"og:image:height\" content=\"351\" \/>\n\t<meta property=\"og:image:type\" content=\"image\/jpeg\" \/>\n<meta name=\"author\" content=\"Kemal Kanikurumaz\" \/>\n<meta name=\"twitter:card\" content=\"summary_large_image\" \/>\n<meta name=\"twitter:label1\" content=\"Yazan:\" \/>\n\t<meta name=\"twitter:data1\" content=\"Kemal Kanikurumaz\" \/>\n\t<meta name=\"twitter:label2\" content=\"Tahmini okuma s\u00fcresi\" \/>\n\t<meta name=\"twitter:data2\" content=\"2 dakika\" \/>\n<script type=\"application\/ld+json\" class=\"yoast-schema-graph\">{\"@context\":\"https:\\\/\\\/schema.org\",\"@graph\":[{\"@type\":\"Article\",\"@id\":\"https:\\\/\\\/balikesirliler.com\\\/tr\\\/genel\\\/sehir-ve-insanlar\\\/balikesir-adi\\\/#article\",\"isPartOf\":{\"@id\":\"https:\\\/\\\/balikesirliler.com\\\/tr\\\/genel\\\/sehir-ve-insanlar\\\/balikesir-adi\\\/\"},\"author\":{\"name\":\"Kemal Kanikurumaz\",\"@id\":\"https:\\\/\\\/balikesirliler.com\\\/tr\\\/#\\\/schema\\\/person\\\/25841bfbb7ac2d203b2e09a484a913f3\"},\"headline\":\"Bal\u0131kesir Ad\u0131\",\"datePublished\":\"2021-12-22T17:02:40+00:00\",\"dateModified\":\"2021-12-22T17:25:51+00:00\",\"mainEntityOfPage\":{\"@id\":\"https:\\\/\\\/balikesirliler.com\\\/tr\\\/genel\\\/sehir-ve-insanlar\\\/balikesir-adi\\\/\"},\"wordCount\":470,\"commentCount\":0,\"publisher\":{\"@id\":\"https:\\\/\\\/balikesirliler.com\\\/tr\\\/#organization\"},\"image\":{\"@id\":\"https:\\\/\\\/balikesirliler.com\\\/tr\\\/genel\\\/sehir-ve-insanlar\\\/balikesir-adi\\\/#primaryimage\"},\"thumbnailUrl\":\"https:\\\/\\\/balikesirliler.com\\\/wp-content\\\/uploads\\\/SADIRVAN.jpg\",\"articleSection\":[\"\u015eehir ve \u0130nsanlar\"],\"inLanguage\":\"tr\",\"potentialAction\":[{\"@type\":\"CommentAction\",\"name\":\"Comment\",\"target\":[\"https:\\\/\\\/balikesirliler.com\\\/tr\\\/genel\\\/sehir-ve-insanlar\\\/balikesir-adi\\\/#respond\"]}]},{\"@type\":\"WebPage\",\"@id\":\"https:\\\/\\\/balikesirliler.com\\\/tr\\\/genel\\\/sehir-ve-insanlar\\\/balikesir-adi\\\/\",\"url\":\"https:\\\/\\\/balikesirliler.com\\\/tr\\\/genel\\\/sehir-ve-insanlar\\\/balikesir-adi\\\/\",\"name\":\"Bal\u0131kesir Ad\u0131 - Bal-Der e.V\",\"isPartOf\":{\"@id\":\"https:\\\/\\\/balikesirliler.com\\\/tr\\\/#website\"},\"primaryImageOfPage\":{\"@id\":\"https:\\\/\\\/balikesirliler.com\\\/tr\\\/genel\\\/sehir-ve-insanlar\\\/balikesir-adi\\\/#primaryimage\"},\"image\":{\"@id\":\"https:\\\/\\\/balikesirliler.com\\\/tr\\\/genel\\\/sehir-ve-insanlar\\\/balikesir-adi\\\/#primaryimage\"},\"thumbnailUrl\":\"https:\\\/\\\/balikesirliler.com\\\/wp-content\\\/uploads\\\/SADIRVAN.jpg\",\"datePublished\":\"2021-12-22T17:02:40+00:00\",\"dateModified\":\"2021-12-22T17:25:51+00:00\",\"breadcrumb\":{\"@id\":\"https:\\\/\\\/balikesirliler.com\\\/tr\\\/genel\\\/sehir-ve-insanlar\\\/balikesir-adi\\\/#breadcrumb\"},\"inLanguage\":\"tr\",\"potentialAction\":[{\"@type\":\"ReadAction\",\"target\":[\"https:\\\/\\\/balikesirliler.com\\\/tr\\\/genel\\\/sehir-ve-insanlar\\\/balikesir-adi\\\/\"]}]},{\"@type\":\"ImageObject\",\"inLanguage\":\"tr\",\"@id\":\"https:\\\/\\\/balikesirliler.com\\\/tr\\\/genel\\\/sehir-ve-insanlar\\\/balikesir-adi\\\/#primaryimage\",\"url\":\"https:\\\/\\\/balikesirliler.com\\\/wp-content\\\/uploads\\\/SADIRVAN.jpg\",\"contentUrl\":\"https:\\\/\\\/balikesirliler.com\\\/wp-content\\\/uploads\\\/SADIRVAN.jpg\",\"width\":473,\"height\":351},{\"@type\":\"BreadcrumbList\",\"@id\":\"https:\\\/\\\/balikesirliler.com\\\/tr\\\/genel\\\/sehir-ve-insanlar\\\/balikesir-adi\\\/#breadcrumb\",\"itemListElement\":[{\"@type\":\"ListItem\",\"position\":1,\"name\":\"BAL-DER\",\"item\":\"https:\\\/\\\/balikesirliler.com\\\/tr\\\/\"},{\"@type\":\"ListItem\",\"position\":2,\"name\":\"Bal\u0131kesir\",\"item\":\"https:\\\/\\\/balikesirliler.com\\\/tr\\\/genel\\\/\"},{\"@type\":\"ListItem\",\"position\":3,\"name\":\"\u015eehir ve \u0130nsanlar\",\"item\":\"https:\\\/\\\/balikesirliler.com\\\/tr\\\/genel\\\/sehir-ve-insanlar\\\/\"},{\"@type\":\"ListItem\",\"position\":4,\"name\":\"Bal\u0131kesir Ad\u0131\"}]},{\"@type\":\"WebSite\",\"@id\":\"https:\\\/\\\/balikesirliler.com\\\/tr\\\/#website\",\"url\":\"https:\\\/\\\/balikesirliler.com\\\/tr\\\/\",\"name\":\"Bal-Der e.V\",\"description\":\"Kultur- und Unterst\u00fctzungsverein\",\"publisher\":{\"@id\":\"https:\\\/\\\/balikesirliler.com\\\/tr\\\/#organization\"},\"potentialAction\":[{\"@type\":\"SearchAction\",\"target\":{\"@type\":\"EntryPoint\",\"urlTemplate\":\"https:\\\/\\\/balikesirliler.com\\\/tr\\\/?s={search_term_string}\"},\"query-input\":{\"@type\":\"PropertyValueSpecification\",\"valueRequired\":true,\"valueName\":\"search_term_string\"}}],\"inLanguage\":\"tr\"},{\"@type\":\"Organization\",\"@id\":\"https:\\\/\\\/balikesirliler.com\\\/tr\\\/#organization\",\"name\":\"Bal-Der e.V.\",\"url\":\"https:\\\/\\\/balikesirliler.com\\\/tr\\\/\",\"logo\":{\"@type\":\"ImageObject\",\"inLanguage\":\"tr\",\"@id\":\"https:\\\/\\\/balikesirliler.com\\\/tr\\\/#\\\/schema\\\/logo\\\/image\\\/\",\"url\":\"https:\\\/\\\/balikesirliler.com\\\/wp-content\\\/uploads\\\/2021\\\/09\\\/logo_180x180.png\",\"contentUrl\":\"https:\\\/\\\/balikesirliler.com\\\/wp-content\\\/uploads\\\/2021\\\/09\\\/logo_180x180.png\",\"width\":180,\"height\":180,\"caption\":\"Bal-Der e.V.\"},\"image\":{\"@id\":\"https:\\\/\\\/balikesirliler.com\\\/tr\\\/#\\\/schema\\\/logo\\\/image\\\/\"}},{\"@type\":\"Person\",\"@id\":\"https:\\\/\\\/balikesirliler.com\\\/tr\\\/#\\\/schema\\\/person\\\/25841bfbb7ac2d203b2e09a484a913f3\",\"name\":\"Kemal Kanikurumaz\",\"image\":{\"@type\":\"ImageObject\",\"inLanguage\":\"tr\",\"@id\":\"https:\\\/\\\/secure.gravatar.com\\\/avatar\\\/8d46aa237cc4113e308d79dc87079533db2925f8d920db6fa39750d94feed4ec?s=96&d=mm&r=g\",\"url\":\"https:\\\/\\\/secure.gravatar.com\\\/avatar\\\/8d46aa237cc4113e308d79dc87079533db2925f8d920db6fa39750d94feed4ec?s=96&d=mm&r=g\",\"contentUrl\":\"https:\\\/\\\/secure.gravatar.com\\\/avatar\\\/8d46aa237cc4113e308d79dc87079533db2925f8d920db6fa39750d94feed4ec?s=96&d=mm&r=g\",\"caption\":\"Kemal Kanikurumaz\"}}]}<\/script>\n<!-- \/ Yoast SEO plugin. -->","yoast_head_json":{"title":"Bal\u0131kesir Ad\u0131 - Bal-Der e.V","robots":{"index":"index","follow":"follow","max-snippet":"max-snippet:-1","max-image-preview":"max-image-preview:large","max-video-preview":"max-video-preview:-1"},"canonical":"https:\/\/balikesirliler.com\/tr\/genel\/sehir-ve-insanlar\/balikesir-adi\/","og_locale":"tr_TR","og_type":"article","og_title":"Bal\u0131kesir Ad\u0131 - Bal-Der e.V","og_description":"Bal\u0131kesir Ad\u0131n\u0131n Men\u015fei Tarih\u00e7ilere g\u00f6re Bal\u0131kesir ad\u0131, Bizans imparatoru Hadrianus&#8217;un av partilerinde kullanmak i\u00e7in yapt\u0131rd\u0131\u011f\u0131 Paleo Kastro (Eski Hisar) s\u00f6zc\u00fc\u011f\u00fcnden kaynaklanmaktad\u0131r. Tarihi bir ger\u00e7ekli\u011fi de bulunan bu ad, daha sonra halk etimolojisi sayesinde de\u011fi\u015fik rivayet ve yorumlara da konu te\u015fkil etmi\u015ftir.Bu rivayetlerden birka\u00e7\u0131 k\u0131saca \u015f\u00f6yledir: Bal\u0131kesir ad\u0131 daha \u00e7ok bal, bal\u0131k, kesir ve hisar kelimeleri [&hellip;]","og_url":"https:\/\/balikesirliler.com\/tr\/genel\/sehir-ve-insanlar\/balikesir-adi\/","og_site_name":"Bal-Der e.V","article_published_time":"2021-12-22T17:02:40+00:00","article_modified_time":"2021-12-22T17:25:51+00:00","og_image":[{"width":473,"height":351,"url":"https:\/\/balikesirliler.com\/wp-content\/uploads\/SADIRVAN.jpg","type":"image\/jpeg"}],"author":"Kemal Kanikurumaz","twitter_card":"summary_large_image","twitter_misc":{"Yazan:":"Kemal Kanikurumaz","Tahmini okuma s\u00fcresi":"2 dakika"},"schema":{"@context":"https:\/\/schema.org","@graph":[{"@type":"Article","@id":"https:\/\/balikesirliler.com\/tr\/genel\/sehir-ve-insanlar\/balikesir-adi\/#article","isPartOf":{"@id":"https:\/\/balikesirliler.com\/tr\/genel\/sehir-ve-insanlar\/balikesir-adi\/"},"author":{"name":"Kemal Kanikurumaz","@id":"https:\/\/balikesirliler.com\/tr\/#\/schema\/person\/25841bfbb7ac2d203b2e09a484a913f3"},"headline":"Bal\u0131kesir Ad\u0131","datePublished":"2021-12-22T17:02:40+00:00","dateModified":"2021-12-22T17:25:51+00:00","mainEntityOfPage":{"@id":"https:\/\/balikesirliler.com\/tr\/genel\/sehir-ve-insanlar\/balikesir-adi\/"},"wordCount":470,"commentCount":0,"publisher":{"@id":"https:\/\/balikesirliler.com\/tr\/#organization"},"image":{"@id":"https:\/\/balikesirliler.com\/tr\/genel\/sehir-ve-insanlar\/balikesir-adi\/#primaryimage"},"thumbnailUrl":"https:\/\/balikesirliler.com\/wp-content\/uploads\/SADIRVAN.jpg","articleSection":["\u015eehir ve \u0130nsanlar"],"inLanguage":"tr","potentialAction":[{"@type":"CommentAction","name":"Comment","target":["https:\/\/balikesirliler.com\/tr\/genel\/sehir-ve-insanlar\/balikesir-adi\/#respond"]}]},{"@type":"WebPage","@id":"https:\/\/balikesirliler.com\/tr\/genel\/sehir-ve-insanlar\/balikesir-adi\/","url":"https:\/\/balikesirliler.com\/tr\/genel\/sehir-ve-insanlar\/balikesir-adi\/","name":"Bal\u0131kesir Ad\u0131 - Bal-Der e.V","isPartOf":{"@id":"https:\/\/balikesirliler.com\/tr\/#website"},"primaryImageOfPage":{"@id":"https:\/\/balikesirliler.com\/tr\/genel\/sehir-ve-insanlar\/balikesir-adi\/#primaryimage"},"image":{"@id":"https:\/\/balikesirliler.com\/tr\/genel\/sehir-ve-insanlar\/balikesir-adi\/#primaryimage"},"thumbnailUrl":"https:\/\/balikesirliler.com\/wp-content\/uploads\/SADIRVAN.jpg","datePublished":"2021-12-22T17:02:40+00:00","dateModified":"2021-12-22T17:25:51+00:00","breadcrumb":{"@id":"https:\/\/balikesirliler.com\/tr\/genel\/sehir-ve-insanlar\/balikesir-adi\/#breadcrumb"},"inLanguage":"tr","potentialAction":[{"@type":"ReadAction","target":["https:\/\/balikesirliler.com\/tr\/genel\/sehir-ve-insanlar\/balikesir-adi\/"]}]},{"@type":"ImageObject","inLanguage":"tr","@id":"https:\/\/balikesirliler.com\/tr\/genel\/sehir-ve-insanlar\/balikesir-adi\/#primaryimage","url":"https:\/\/balikesirliler.com\/wp-content\/uploads\/SADIRVAN.jpg","contentUrl":"https:\/\/balikesirliler.com\/wp-content\/uploads\/SADIRVAN.jpg","width":473,"height":351},{"@type":"BreadcrumbList","@id":"https:\/\/balikesirliler.com\/tr\/genel\/sehir-ve-insanlar\/balikesir-adi\/#breadcrumb","itemListElement":[{"@type":"ListItem","position":1,"name":"BAL-DER","item":"https:\/\/balikesirliler.com\/tr\/"},{"@type":"ListItem","position":2,"name":"Bal\u0131kesir","item":"https:\/\/balikesirliler.com\/tr\/genel\/"},{"@type":"ListItem","position":3,"name":"\u015eehir ve \u0130nsanlar","item":"https:\/\/balikesirliler.com\/tr\/genel\/sehir-ve-insanlar\/"},{"@type":"ListItem","position":4,"name":"Bal\u0131kesir Ad\u0131"}]},{"@type":"WebSite","@id":"https:\/\/balikesirliler.com\/tr\/#website","url":"https:\/\/balikesirliler.com\/tr\/","name":"Bal-Der e.V","description":"Kultur- und Unterst\u00fctzungsverein","publisher":{"@id":"https:\/\/balikesirliler.com\/tr\/#organization"},"potentialAction":[{"@type":"SearchAction","target":{"@type":"EntryPoint","urlTemplate":"https:\/\/balikesirliler.com\/tr\/?s={search_term_string}"},"query-input":{"@type":"PropertyValueSpecification","valueRequired":true,"valueName":"search_term_string"}}],"inLanguage":"tr"},{"@type":"Organization","@id":"https:\/\/balikesirliler.com\/tr\/#organization","name":"Bal-Der e.V.","url":"https:\/\/balikesirliler.com\/tr\/","logo":{"@type":"ImageObject","inLanguage":"tr","@id":"https:\/\/balikesirliler.com\/tr\/#\/schema\/logo\/image\/","url":"https:\/\/balikesirliler.com\/wp-content\/uploads\/2021\/09\/logo_180x180.png","contentUrl":"https:\/\/balikesirliler.com\/wp-content\/uploads\/2021\/09\/logo_180x180.png","width":180,"height":180,"caption":"Bal-Der e.V."},"image":{"@id":"https:\/\/balikesirliler.com\/tr\/#\/schema\/logo\/image\/"}},{"@type":"Person","@id":"https:\/\/balikesirliler.com\/tr\/#\/schema\/person\/25841bfbb7ac2d203b2e09a484a913f3","name":"Kemal Kanikurumaz","image":{"@type":"ImageObject","inLanguage":"tr","@id":"https:\/\/secure.gravatar.com\/avatar\/8d46aa237cc4113e308d79dc87079533db2925f8d920db6fa39750d94feed4ec?s=96&d=mm&r=g","url":"https:\/\/secure.gravatar.com\/avatar\/8d46aa237cc4113e308d79dc87079533db2925f8d920db6fa39750d94feed4ec?s=96&d=mm&r=g","contentUrl":"https:\/\/secure.gravatar.com\/avatar\/8d46aa237cc4113e308d79dc87079533db2925f8d920db6fa39750d94feed4ec?s=96&d=mm&r=g","caption":"Kemal Kanikurumaz"}}]}},"jetpack_featured_media_url":"https:\/\/balikesirliler.com\/wp-content\/uploads\/SADIRVAN.jpg","jetpack_sharing_enabled":true,"_links":{"self":[{"href":"https:\/\/balikesirliler.com\/tr\/wp-json\/wp\/v2\/posts\/1574","targetHints":{"allow":["GET"]}}],"collection":[{"href":"https:\/\/balikesirliler.com\/tr\/wp-json\/wp\/v2\/posts"}],"about":[{"href":"https:\/\/balikesirliler.com\/tr\/wp-json\/wp\/v2\/types\/post"}],"author":[{"embeddable":true,"href":"https:\/\/balikesirliler.com\/tr\/wp-json\/wp\/v2\/users\/2"}],"replies":[{"embeddable":true,"href":"https:\/\/balikesirliler.com\/tr\/wp-json\/wp\/v2\/comments?post=1574"}],"version-history":[{"count":3,"href":"https:\/\/balikesirliler.com\/tr\/wp-json\/wp\/v2\/posts\/1574\/revisions"}],"predecessor-version":[{"id":1582,"href":"https:\/\/balikesirliler.com\/tr\/wp-json\/wp\/v2\/posts\/1574\/revisions\/1582"}],"wp:featuredmedia":[{"embeddable":true,"href":"https:\/\/balikesirliler.com\/tr\/wp-json\/wp\/v2\/media\/1575"}],"wp:attachment":[{"href":"https:\/\/balikesirliler.com\/tr\/wp-json\/wp\/v2\/media?parent=1574"}],"wp:term":[{"taxonomy":"category","embeddable":true,"href":"https:\/\/balikesirliler.com\/tr\/wp-json\/wp\/v2\/categories?post=1574"},{"taxonomy":"post_tag","embeddable":true,"href":"https:\/\/balikesirliler.com\/tr\/wp-json\/wp\/v2\/tags?post=1574"}],"curies":[{"name":"wp","href":"https:\/\/api.w.org\/{rel}","templated":true}]}}